{"id":7601,"date":"2025-09-25T11:24:16","date_gmt":"2025-09-25T09:24:16","guid":{"rendered":"https:\/\/spgosciejewo.pl\/?p=7601"},"modified":"2025-09-25T11:24:16","modified_gmt":"2025-09-25T09:24:16","slug":"pierwszy-dzien-jesieni-w-naszej-szkole","status":"publish","type":"post","link":"https:\/\/spgosciejewo.pl\/?p=7601","title":{"rendered":"Pierwszy dzie\u0144 jesieni w naszej szkole."},"content":{"rendered":"<p>ngg_shortcode_0_placeholder<span class=\"v1font\"><span class=\"v1size\">W poniedzia\u0142ek, w pierwszy dzie\u0144 jesieni, ca\u0142a szko\u0142a rozb\u0142ys\u0142a barwami tej pi\u0119knej pory roku. Uczniowie przyszli ubrani w kolory jesieni \u2013 br\u0105zy, czerwienie, \u017c\u00f3\u0142cie i pomara\u0144cze. Dzi\u0119ki temu na korytarzach i w klasach mo\u017cna by\u0142o poczu\u0107 prawdziw\u0105, jesienn\u0105 atmosfer\u0119.<\/span><\/span><\/p>\n<p><span class=\"v1font\"><span class=\"v1size\">Podczas zaj\u0119\u0107 dzieci wsp\u00f3lnie tworzy\u0142y<span>&nbsp;<\/span><b>drzewo z dar\u00f3w jesieni<\/b>. Wykorzysta\u0142y do tego kasztany, \u017co\u0142\u0119dzie, li\u015bcie, szyszki, jarz\u0119bin\u0119 i inne jesienne skarby. Powsta\u0142a barwna i pomys\u0142owa praca plastyczna, kt\u00f3ra b\u0119dzie przypomina\u0107 o pi\u0119knie jesieni i o tym, \u017ce wsp\u00f3lna tw\u00f3rczo\u015b\u0107 daje wiele rado\u015bci.<\/span><\/span><\/p>\n<p><span class=\"v1font\"><span class=\"v1size\">By\u0142 to dzie\u0144 pe\u0142en kolor\u00f3w, kreatywno\u015bci i u\u015bmiechu!<\/span><\/span><\/p>\n","protected":false},"excerpt":{"rendered":"<p>W poniedzia\u0142ek, w pierwszy dzie\u0144 jesieni, ca\u0142a szko\u0142a rozb\u0142ys\u0142a barwami tej pi\u0119knej pory roku. Uczniowie przyszli ubrani w kolory jesieni \u2013 br\u0105zy, czerwienie, \u017c\u00f3\u0142cie i pomara\u0144cze. Dzi\u0119ki temu na korytarzach i w klasach mo\u017cna by\u0142o poczu\u0107 prawdziw\u0105, jesienn\u0105 atmosfer\u0119. Podczas zaj\u0119\u0107 dzieci wsp\u00f3lnie tworzy\u0142y&nbsp;drzewo z dar\u00f3w jesieni. Wykorzysta\u0142y do tego [&hellip;]<\/p>\n","protected":false},"author":1,"featured_media":7611,"comment_status":"closed","ping_status":"open","sticky":false,"template":"","format":"standard","meta":{"ngg_post_thumbnail":0,"footnotes":""},"categories":[1],"tags":[],"class_list":["post-7601","post","type-post","status-publish","format-standard","has-post-thumbnail","hentry","category-bez-kategorii"],"_links":{"self":[{"href":"https:\/\/spgosciejewo.pl\/index.php?rest_route=\/wp\/v2\/posts\/7601","targetHints":{"allow":["GET"]}}],"collection":[{"href":"https:\/\/spgosciejewo.pl\/index.php?rest_route=\/wp\/v2\/posts"}],"about":[{"href":"https:\/\/spgosciejewo.pl\/index.php?rest_route=\/wp\/v2\/types\/post"}],"author":[{"embeddable":true,"href":"https:\/\/spgosciejewo.pl\/index.php?rest_route=\/wp\/v2\/users\/1"}],"replies":[{"embeddable":true,"href":"https:\/\/spgosciejewo.pl\/index.php?rest_route=%2Fwp%2Fv2%2Fcomments&post=7601"}],"version-history":[{"count":1,"href":"https:\/\/spgosciejewo.pl\/index.php?rest_route=\/wp\/v2\/posts\/7601\/revisions"}],"predecessor-version":[{"id":7612,"href":"https:\/\/spgosciejewo.pl\/index.php?rest_route=\/wp\/v2\/posts\/7601\/revisions\/7612"}],"wp:featuredmedia":[{"embeddable":true,"href":"https:\/\/spgosciejewo.pl\/index.php?rest_route=\/wp\/v2\/media\/7611"}],"wp:attachment":[{"href":"https:\/\/spgosciejewo.pl\/index.php?rest_route=%2Fwp%2Fv2%2Fmedia&parent=7601"}],"wp:term":[{"taxonomy":"category","embeddable":true,"href":"https:\/\/spgosciejewo.pl\/index.php?rest_route=%2Fwp%2Fv2%2Fcategories&post=7601"},{"taxonomy":"post_tag","embeddable":true,"href":"https:\/\/spgosciejewo.pl\/index.php?rest_route=%2Fwp%2Fv2%2Ftags&post=7601"}],"curies":[{"name":"wp","href":"https:\/\/api.w.org\/{rel}","templated":true}]}}