{"id":7597,"date":"2025-09-25T11:20:44","date_gmt":"2025-09-25T09:20:44","guid":{"rendered":"https:\/\/spgosciejewo.pl\/?p=7597"},"modified":"2025-09-25T11:20:44","modified_gmt":"2025-09-25T09:20:44","slug":"znamy-sklad-samorzadu-uczniowskiego","status":"publish","type":"post","link":"https:\/\/spgosciejewo.pl\/?p=7597","title":{"rendered":"Znamy sk\u0142ad Samorz\u0105du Uczniowskiego."},"content":{"rendered":"<p><span class=\"v1font\"><span class=\"v1size\">Znamy sk\u0142ad Samorz\u0105du Uczniowskiego.<\/span><\/span><\/p>\n<p><span class=\"v1font\"><span class=\"v1size\">W naszej szkole w pi\u0105tek, tj. 19 wrze\u015bnia 2025r. odby\u0142y si\u0119 wybory do Samorz\u0105du Uczniowskiego. Spo\u0142eczno\u015b\u0107 szkolna zadecydowa\u0142a, \u017ce funkcj\u0119 przewodnicz\u0105cej b\u0119dzie pe\u0142ni\u0142a Antonina Pietrzak, zast\u0119pc\u0105 zosta\u0142 Wojciech Szarzy\u0144ski, a sekretarzem Jan D\u0105browski. Opiek\u0119 nad samorz\u0105dem b\u0119d\u0105 sprawowa\u0142y, wybrane g\u0142osem uczni\u00f3w, Panie: Agnieszka Nowak i Beata Ortyl. Przedstawiciele samorz\u0105du zapewne wyka\u017c\u0105 si\u0119 kreatywno\u015bci\u0105 oraz podejm\u0105 wiele inicjatyw na rzecz ca\u0142ej spo\u0142eczno\u015bci uczniowskiej.<\/span><\/span><\/p>\n","protected":false},"excerpt":{"rendered":"<p>Znamy sk\u0142ad Samorz\u0105du Uczniowskiego. W naszej szkole w pi\u0105tek, tj. 19 wrze\u015bnia 2025r. odby\u0142y si\u0119 wybory do Samorz\u0105du Uczniowskiego. Spo\u0142eczno\u015b\u0107 szkolna zadecydowa\u0142a, \u017ce funkcj\u0119 przewodnicz\u0105cej b\u0119dzie pe\u0142ni\u0142a Antonina Pietrzak, zast\u0119pc\u0105 zosta\u0142 Wojciech Szarzy\u0144ski, a sekretarzem Jan D\u0105browski. Opiek\u0119 nad samorz\u0105dem b\u0119d\u0105 sprawowa\u0142y, wybrane g\u0142osem uczni\u00f3w, Panie: Agnieszka Nowak i Beata [&hellip;]<\/p>\n","protected":false},"author":1,"featured_media":7598,"comment_status":"closed","ping_status":"open","sticky":false,"template":"","format":"standard","meta":{"ngg_post_thumbnail":0,"footnotes":""},"categories":[1],"tags":[],"class_list":["post-7597","post","type-post","status-publish","format-standard","has-post-thumbnail","hentry","category-bez-kategorii"],"_links":{"self":[{"href":"https:\/\/spgosciejewo.pl\/index.php?rest_route=\/wp\/v2\/posts\/7597","targetHints":{"allow":["GET"]}}],"collection":[{"href":"https:\/\/spgosciejewo.pl\/index.php?rest_route=\/wp\/v2\/posts"}],"about":[{"href":"https:\/\/spgosciejewo.pl\/index.php?rest_route=\/wp\/v2\/types\/post"}],"author":[{"embeddable":true,"href":"https:\/\/spgosciejewo.pl\/index.php?rest_route=\/wp\/v2\/users\/1"}],"replies":[{"embeddable":true,"href":"https:\/\/spgosciejewo.pl\/index.php?rest_route=%2Fwp%2Fv2%2Fcomments&post=7597"}],"version-history":[{"count":1,"href":"https:\/\/spgosciejewo.pl\/index.php?rest_route=\/wp\/v2\/posts\/7597\/revisions"}],"predecessor-version":[{"id":7599,"href":"https:\/\/spgosciejewo.pl\/index.php?rest_route=\/wp\/v2\/posts\/7597\/revisions\/7599"}],"wp:featuredmedia":[{"embeddable":true,"href":"https:\/\/spgosciejewo.pl\/index.php?rest_route=\/wp\/v2\/media\/7598"}],"wp:attachment":[{"href":"https:\/\/spgosciejewo.pl\/index.php?rest_route=%2Fwp%2Fv2%2Fmedia&parent=7597"}],"wp:term":[{"taxonomy":"category","embeddable":true,"href":"https:\/\/spgosciejewo.pl\/index.php?rest_route=%2Fwp%2Fv2%2Fcategories&post=7597"},{"taxonomy":"post_tag","embeddable":true,"href":"https:\/\/spgosciejewo.pl\/index.php?rest_route=%2Fwp%2Fv2%2Ftags&post=7597"}],"curies":[{"name":"wp","href":"https:\/\/api.w.org\/{rel}","templated":true}]}}