{"id":7530,"date":"2025-09-17T08:01:07","date_gmt":"2025-09-17T06:01:07","guid":{"rendered":"https:\/\/spgosciejewo.pl\/?p=7530"},"modified":"2025-09-17T08:01:07","modified_gmt":"2025-09-17T06:01:07","slug":"miedzynarodowy-dzien-kropki-w-op-w-gosciejewie","status":"publish","type":"post","link":"https:\/\/spgosciejewo.pl\/?p=7530","title":{"rendered":"Mi\u0119dzynarodowy Dzie\u0144 Kropki w OP w Go\u015bciejewie."},"content":{"rendered":"<blockquote class=\"v1nh_quote\">\n<div id=\"v1gwp25bba23a\">\n<div id=\"v1gwp25bba23ah\">\n<div class=\"v1gwp25bba23ab\">ngg_shortcode_0_placeholder<\/p>\n<p class=\"v1gwp25bba23a_MsoNormal\"><span class=\"v1gwp25bba23a_font\"><span class=\"v1gwp25bba23a_size\">15 wrze\u015bni<\/span><\/span><span class=\"v1gwp25bba23a_font\"><span class=\"v1gwp25bba23a_size\">a w Od<\/span><\/span><span class=\"v1gwp25bba23a_font\"><span class=\"v1gwp25bba23a_size\">dziale Przedszkolnym w Go\u015bciejewie \u015bwi\u0119towali\u015bmy Mi\u0119dzynarodowy Dzie\u0144 Kropki \u2013 \u015bwi\u0119to kreatywno\u015bci i tw\u00f3rczo\u015bci. Ju\u017c po<\/span><\/span><\/p>\n<p class=\"v1gwp25bba23a_MsoNormal\"><span class=\"v1gwp25bba23a_font\"><span class=\"v1gwp25bba23a_size\">przekroczeniu progu przedszkola czu\u0142o si\u0119, \u017ce b\u0119dzie to wyj\u0105tkowy dzie\u0144.<span>&nbsp;<\/span><\/span><\/span><span class=\"v1gwp25bba23a_font\"><span class=\"v1gwp25bba23a_size\">Tego dnia nasze zabawy i zadania wype\u0142nione by\u0142y kolorowymi kropkami. Dzieci m.in. szuka\u0142y po\u0142\u00f3wki kropki,<span>&nbsp;<\/span><\/span><\/span><span class=\"v1gwp25bba23a_font\"><span class=\"v1gwp25bba23a_size\">losowa\u0142y zadania ruchowe wyznaczane przez kropk\u0119, pr\u00f3bowa\u0142y z\u0142apa\u0107 kropk\u0119. Rozwija\u0142y sprawno\u015b\u0107 manualn\u0105 podczas wykonywania pracy plastycznej &#8211; u\u015bmiechni\u0119tego<span>&nbsp;<\/span><span>&nbsp;<\/span>kropkowego klauna, ozdabia\u0142y przedszkolny chodnik kolorowymi kropkami malowanymi kred\u0105. W podzi\u0119kowaniu za aktywny udzia\u0142 w zaj\u0119ciach dzieci otrzyma\u0142y pami\u0105tkowe kolorowe medale oraz dyplomy<\/span><\/span><\/p>\n<\/div>\n<\/div>\n<\/div>\n<\/blockquote>\n","protected":false},"excerpt":{"rendered":"<p>15 wrze\u015bnia w Oddziale Przedszkolnym w Go\u015bciejewie \u015bwi\u0119towali\u015bmy Mi\u0119dzynarodowy Dzie\u0144 Kropki \u2013 \u015bwi\u0119to kreatywno\u015bci i tw\u00f3rczo\u015bci. Ju\u017c po przekroczeniu progu przedszkola czu\u0142o si\u0119, \u017ce b\u0119dzie to wyj\u0105tkowy dzie\u0144.&nbsp;Tego dnia nasze zabawy i zadania wype\u0142nione by\u0142y kolorowymi kropkami. Dzieci m.in. szuka\u0142y po\u0142\u00f3wki kropki,&nbsp;losowa\u0142y zadania ruchowe wyznaczane przez kropk\u0119, pr\u00f3bowa\u0142y z\u0142apa\u0107 kropk\u0119. [&hellip;]<\/p>\n","protected":false},"author":1,"featured_media":7540,"comment_status":"closed","ping_status":"open","sticky":false,"template":"","format":"standard","meta":{"ngg_post_thumbnail":0,"footnotes":""},"categories":[1],"tags":[],"class_list":["post-7530","post","type-post","status-publish","format-standard","has-post-thumbnail","hentry","category-bez-kategorii"],"_links":{"self":[{"href":"https:\/\/spgosciejewo.pl\/index.php?rest_route=\/wp\/v2\/posts\/7530","targetHints":{"allow":["GET"]}}],"collection":[{"href":"https:\/\/spgosciejewo.pl\/index.php?rest_route=\/wp\/v2\/posts"}],"about":[{"href":"https:\/\/spgosciejewo.pl\/index.php?rest_route=\/wp\/v2\/types\/post"}],"author":[{"embeddable":true,"href":"https:\/\/spgosciejewo.pl\/index.php?rest_route=\/wp\/v2\/users\/1"}],"replies":[{"embeddable":true,"href":"https:\/\/spgosciejewo.pl\/index.php?rest_route=%2Fwp%2Fv2%2Fcomments&post=7530"}],"version-history":[{"count":1,"href":"https:\/\/spgosciejewo.pl\/index.php?rest_route=\/wp\/v2\/posts\/7530\/revisions"}],"predecessor-version":[{"id":7541,"href":"https:\/\/spgosciejewo.pl\/index.php?rest_route=\/wp\/v2\/posts\/7530\/revisions\/7541"}],"wp:featuredmedia":[{"embeddable":true,"href":"https:\/\/spgosciejewo.pl\/index.php?rest_route=\/wp\/v2\/media\/7540"}],"wp:attachment":[{"href":"https:\/\/spgosciejewo.pl\/index.php?rest_route=%2Fwp%2Fv2%2Fmedia&parent=7530"}],"wp:term":[{"taxonomy":"category","embeddable":true,"href":"https:\/\/spgosciejewo.pl\/index.php?rest_route=%2Fwp%2Fv2%2Fcategories&post=7530"},{"taxonomy":"post_tag","embeddable":true,"href":"https:\/\/spgosciejewo.pl\/index.php?rest_route=%2Fwp%2Fv2%2Ftags&post=7530"}],"curies":[{"name":"wp","href":"https:\/\/api.w.org\/{rel}","templated":true}]}}