{"id":7514,"date":"2025-09-15T09:06:04","date_gmt":"2025-09-15T07:06:04","guid":{"rendered":"https:\/\/spgosciejewo.pl\/?p=7514"},"modified":"2025-09-15T09:06:04","modified_gmt":"2025-09-15T07:06:04","slug":"narodowe-czytanie-2025-czytamy-poezje-jana-kochanowskiego","status":"publish","type":"post","link":"https:\/\/spgosciejewo.pl\/?p=7514","title":{"rendered":"Narodowe Czytanie 2025 &#8211; czytamy poezje Jana Kochanowskiego."},"content":{"rendered":"ngg_shortcode_0_placeholder\n<p class=\"Standard\"><span style=\"font-size: 14.0pt;\">6 wrze\u015bnia 2025 r. ju\u017c po raz 14. odby\u0142a si\u0119 akcja wsp\u00f3lnego czytania, kt\u00f3ra \u0142\u0105czy Polak\u00f3w nie tylko w kraju, ale i za granic\u0105. Lektur\u0105 tegorocznej edycji Narodowego Czytania by\u0142y poezje Jana Kochanowskiego. Uczniowie naszej szko\u0142y wzi\u0119li udzia\u0142 w tej akcji 8 wrze\u015bnia 2025r. Uczennice klasy VIII zaprezentowa\u0142y wybrane fraszki Jana Kochanowskiego. Pani bibliotekarka wprowadzi\u0142a nas w nastr\u00f3j, przygotowuj\u0105c okoliczno\u015bciow\u0105 wystawk\u0119 dzie\u0142 renesansowego poety. Wsp\u00f3lnie wys\u0142uchali\u015bmy fragmentu przemowy Pary Prezydenckiej, kt\u00f3ra otworzy\u0142a fina\u0142 tegorocznej ods\u0142ony akcji \u201eNarodowe Czytanie\u201d.<\/span><o:p><\/o:p><\/p>\n","protected":false},"excerpt":{"rendered":"<p>6 wrze\u015bnia 2025 r. ju\u017c po raz 14. odby\u0142a si\u0119 akcja wsp\u00f3lnego czytania, kt\u00f3ra \u0142\u0105czy Polak\u00f3w nie tylko w kraju, ale i za granic\u0105. Lektur\u0105 tegorocznej edycji Narodowego Czytania by\u0142y poezje Jana Kochanowskiego. Uczniowie naszej szko\u0142y wzi\u0119li udzia\u0142 w tej akcji 8 wrze\u015bnia 2025r. Uczennice klasy VIII zaprezentowa\u0142y wybrane fraszki [&hellip;]<\/p>\n","protected":false},"author":1,"featured_media":7521,"comment_status":"closed","ping_status":"open","sticky":false,"template":"","format":"standard","meta":{"ngg_post_thumbnail":0,"footnotes":""},"categories":[1],"tags":[],"class_list":["post-7514","post","type-post","status-publish","format-standard","has-post-thumbnail","hentry","category-bez-kategorii"],"_links":{"self":[{"href":"https:\/\/spgosciejewo.pl\/index.php?rest_route=\/wp\/v2\/posts\/7514","targetHints":{"allow":["GET"]}}],"collection":[{"href":"https:\/\/spgosciejewo.pl\/index.php?rest_route=\/wp\/v2\/posts"}],"about":[{"href":"https:\/\/spgosciejewo.pl\/index.php?rest_route=\/wp\/v2\/types\/post"}],"author":[{"embeddable":true,"href":"https:\/\/spgosciejewo.pl\/index.php?rest_route=\/wp\/v2\/users\/1"}],"replies":[{"embeddable":true,"href":"https:\/\/spgosciejewo.pl\/index.php?rest_route=%2Fwp%2Fv2%2Fcomments&post=7514"}],"version-history":[{"count":1,"href":"https:\/\/spgosciejewo.pl\/index.php?rest_route=\/wp\/v2\/posts\/7514\/revisions"}],"predecessor-version":[{"id":7522,"href":"https:\/\/spgosciejewo.pl\/index.php?rest_route=\/wp\/v2\/posts\/7514\/revisions\/7522"}],"wp:featuredmedia":[{"embeddable":true,"href":"https:\/\/spgosciejewo.pl\/index.php?rest_route=\/wp\/v2\/media\/7521"}],"wp:attachment":[{"href":"https:\/\/spgosciejewo.pl\/index.php?rest_route=%2Fwp%2Fv2%2Fmedia&parent=7514"}],"wp:term":[{"taxonomy":"category","embeddable":true,"href":"https:\/\/spgosciejewo.pl\/index.php?rest_route=%2Fwp%2Fv2%2Fcategories&post=7514"},{"taxonomy":"post_tag","embeddable":true,"href":"https:\/\/spgosciejewo.pl\/index.php?rest_route=%2Fwp%2Fv2%2Ftags&post=7514"}],"curies":[{"name":"wp","href":"https:\/\/api.w.org\/{rel}","templated":true}]}}