{"id":6761,"date":"2024-11-14T09:23:04","date_gmt":"2024-11-14T08:23:04","guid":{"rendered":"https:\/\/spgosciejewo.pl\/?p=6761"},"modified":"2024-11-14T09:23:04","modified_gmt":"2024-11-14T08:23:04","slug":"gminny-konkurs-recytatorski-w-holdzie-ojczyznie","status":"publish","type":"post","link":"https:\/\/spgosciejewo.pl\/?p=6761","title":{"rendered":"Gminny Konkurs Recytatorski \u201eW ho\u0142dzie Ojczy\u017anie\u201d"},"content":{"rendered":"<p><strong>Gminny Konkurs Recytatorski \u201eW ho\u0142dzie Ojczy\u017anie\u201d<\/strong><\/p>\n<p><strong>&nbsp;<\/strong>30 pa\u017adziernika 2024r. uczniowie klas V, VI i VIII wzi\u0119li udzia\u0142 w szkolnym przes\u0142uchaniu do konkursu recytatorskiego o tematyce patriotycznej. Spo\u015br\u00f3d wszystkich zg\u0142oszonych uczestnik\u00f3w komisja w sk\u0142adzie: pani Lucyna Wachowska i Beata Ortyl wy\u0142oni\u0142a przedstawicieli, kt\u00f3rzy reprezentowali nasz\u0105 szko\u0142\u0119 podczas Gminnego Konkursu Recytatorskiego \u201eW ho\u0142dzie Ojczy\u017anie\u201d w Rogo\u017anie, konkursu&nbsp; zorganizowanego przez Szko\u0142\u0119 Podstawow\u0105 nr 3 w Rogo\u017anie.<\/p>\n<p>6 listopada 2024r. w \u015brod\u0119 udali\u015bmy si\u0119 ze zwyci\u0119zcami szkolnymi do Sali Kawiarnianej RCK w Rogo\u017anie, gdzie przybyli recytatorzy ze wszystkich szk\u00f3\u0142 podstawowych naszej gminy. Wyniki konkursu bardzo nas ucieszy\u0142y. Uczniowie klas I-III: <strong>III miejsce<\/strong> zdoby\u0142 <strong>Aleksander&nbsp; Filipiak<\/strong> z klasy II, wiersz Marii Konopnickiej \u201eOjczyzna moja\u201d oraz uczniowie klas VII-VIII: <strong>I miejsce<\/strong> dla <strong>Alicji Kowalskiej <\/strong>z klasy VIII, wiersz Wis\u0142awy Szymborskiej \u201eGaw\u0119da o mi\u0142o\u015bci ziemi ojczystej\u201d. <strong>Alicja Kowalska<\/strong> otrzyma\u0142a r\u00f3wnie\u017c <strong>Nagrod\u0119 Publiczno\u015bci<\/strong>. Interpretacje wierszy naszych uczni\u00f3w by\u0142y wyj\u0105tkowe i poruszaj\u0105ce. Gratulujemy uczestnikom i zach\u0119camy do dalszego aktorskiego rozwoju. Uczni\u00f3w do konkursu przygotowa\u0142y panie: Wioletta Michalska, Lucyna Wachowska i Beata Ortyl.<\/p>\n<p>&nbsp;<\/p>\n<p>&nbsp;<\/p>\n","protected":false},"excerpt":{"rendered":"<p>Gminny Konkurs Recytatorski \u201eW ho\u0142dzie Ojczy\u017anie\u201d &nbsp;30 pa\u017adziernika 2024r. uczniowie klas V, VI i VIII wzi\u0119li udzia\u0142 w szkolnym przes\u0142uchaniu do konkursu recytatorskiego o tematyce patriotycznej. Spo\u015br\u00f3d wszystkich zg\u0142oszonych uczestnik\u00f3w komisja w sk\u0142adzie: pani Lucyna Wachowska i Beata Ortyl wy\u0142oni\u0142a przedstawicieli, kt\u00f3rzy reprezentowali nasz\u0105 szko\u0142\u0119 podczas Gminnego Konkursu Recytatorskiego \u201eW [&hellip;]<\/p>\n","protected":false},"author":1,"featured_media":6762,"comment_status":"closed","ping_status":"open","sticky":false,"template":"","format":"standard","meta":{"ngg_post_thumbnail":0,"footnotes":""},"categories":[1],"tags":[],"class_list":["post-6761","post","type-post","status-publish","format-standard","has-post-thumbnail","hentry","category-bez-kategorii"],"_links":{"self":[{"href":"https:\/\/spgosciejewo.pl\/index.php?rest_route=\/wp\/v2\/posts\/6761","targetHints":{"allow":["GET"]}}],"collection":[{"href":"https:\/\/spgosciejewo.pl\/index.php?rest_route=\/wp\/v2\/posts"}],"about":[{"href":"https:\/\/spgosciejewo.pl\/index.php?rest_route=\/wp\/v2\/types\/post"}],"author":[{"embeddable":true,"href":"https:\/\/spgosciejewo.pl\/index.php?rest_route=\/wp\/v2\/users\/1"}],"replies":[{"embeddable":true,"href":"https:\/\/spgosciejewo.pl\/index.php?rest_route=%2Fwp%2Fv2%2Fcomments&post=6761"}],"version-history":[{"count":1,"href":"https:\/\/spgosciejewo.pl\/index.php?rest_route=\/wp\/v2\/posts\/6761\/revisions"}],"predecessor-version":[{"id":6763,"href":"https:\/\/spgosciejewo.pl\/index.php?rest_route=\/wp\/v2\/posts\/6761\/revisions\/6763"}],"wp:featuredmedia":[{"embeddable":true,"href":"https:\/\/spgosciejewo.pl\/index.php?rest_route=\/wp\/v2\/media\/6762"}],"wp:attachment":[{"href":"https:\/\/spgosciejewo.pl\/index.php?rest_route=%2Fwp%2Fv2%2Fmedia&parent=6761"}],"wp:term":[{"taxonomy":"category","embeddable":true,"href":"https:\/\/spgosciejewo.pl\/index.php?rest_route=%2Fwp%2Fv2%2Fcategories&post=6761"},{"taxonomy":"post_tag","embeddable":true,"href":"https:\/\/spgosciejewo.pl\/index.php?rest_route=%2Fwp%2Fv2%2Ftags&post=6761"}],"curies":[{"name":"wp","href":"https:\/\/api.w.org\/{rel}","templated":true}]}}