{"id":6416,"date":"2024-09-30T18:08:30","date_gmt":"2024-09-30T16:08:30","guid":{"rendered":"https:\/\/spgosciejewo.pl\/?p=6416"},"modified":"2024-10-11T13:12:47","modified_gmt":"2024-10-11T11:12:47","slug":"dzien-pyry-sp-gosciejewo","status":"publish","type":"post","link":"https:\/\/spgosciejewo.pl\/?p=6416","title":{"rendered":"DZIE\u0143 PYRY."},"content":{"rendered":"<p>ngg_shortcode_0_placeholderDnia 27 wrze\u015bnia 2024r. w naszej szkole odby\u0142o si\u0119 niezwyk\u0142e \u015bwi\u0119to. Obchodzili\u015bmy Dzie\u0144 Jesieni i realizowali\u015bmy zadania w ramach projektu profilaktyczno \u2013wychowawczo-edukacyjnego pt. \u201eNa Jesienn\u0105 nut\u0119\u201d. Tego dnia odby\u0142 si\u0119 apel, w trakcie kt\u00f3rego poznali\u015bmy najwa\u017cniejsze informacje dotycz\u0105ce jesieni. Dowiedzieli\u015bmy si\u0119, na jakich drzewach rosn\u0105 dary jesieni. Wys\u0142uchali\u015bmy wierszy o tematyce jesiennej w wykonaniu naszych koleg\u00f3w i kole\u017canek. \u015apiewali\u015bmy wsp\u00f3lnie piosenki. Mia\u0142 miejsce &nbsp;r\u00f3wnie\u017c jesienny pokaz mody. Rozwi\u0105zywali\u015bmy krzy\u017c\u00f3wki tematyczne i wykonywali\u015bmy klasowe&nbsp; plakaty pt. \u201e Pani Jesie\u0144\u201d, \u201eWrzosowisko\u201d &nbsp;i \u201eGrzybobranie\u201d. &nbsp;Z atmosfer\u0105 podczas zaj\u0119\u0107 wsp\u00f3\u0142gra\u0142a pi\u0119kna dekoracja jesienna w sali numer 11. Zwie\u0144czeniem tego wyj\u0105tkowego, pe\u0142nego rado\u015bci, wzrusze\u0144, u\u015bmiech\u00f3w i wsp\u00f3\u0142pracy dnia by\u0142y smakowite pyry z gzikiem przygotowane przez Rad\u0119 Rodzic\u00f3w oraz dyskoteka zorganizowana z okazji Dnia Ch\u0142opca.<\/p>\n","protected":false},"excerpt":{"rendered":"<p>Dnia 27 wrze\u015bnia 2024r. w naszej szkole odby\u0142o si\u0119 niezwyk\u0142e \u015bwi\u0119to. Obchodzili\u015bmy Dzie\u0144 Jesieni i realizowali\u015bmy zadania w ramach projektu profilaktyczno \u2013wychowawczo-edukacyjnego pt. \u201eNa Jesienn\u0105 nut\u0119\u201d. Tego dnia odby\u0142 si\u0119 apel, w trakcie kt\u00f3rego poznali\u015bmy najwa\u017cniejsze informacje dotycz\u0105ce jesieni. Dowiedzieli\u015bmy si\u0119, na jakich drzewach rosn\u0105 dary jesieni. Wys\u0142uchali\u015bmy wierszy o [&hellip;]<\/p>\n","protected":false},"author":1,"featured_media":6429,"comment_status":"closed","ping_status":"open","sticky":false,"template":"","format":"standard","meta":{"ngg_post_thumbnail":0,"footnotes":""},"categories":[1],"tags":[],"class_list":["post-6416","post","type-post","status-publish","format-standard","has-post-thumbnail","hentry","category-bez-kategorii"],"_links":{"self":[{"href":"https:\/\/spgosciejewo.pl\/index.php?rest_route=\/wp\/v2\/posts\/6416","targetHints":{"allow":["GET"]}}],"collection":[{"href":"https:\/\/spgosciejewo.pl\/index.php?rest_route=\/wp\/v2\/posts"}],"about":[{"href":"https:\/\/spgosciejewo.pl\/index.php?rest_route=\/wp\/v2\/types\/post"}],"author":[{"embeddable":true,"href":"https:\/\/spgosciejewo.pl\/index.php?rest_route=\/wp\/v2\/users\/1"}],"replies":[{"embeddable":true,"href":"https:\/\/spgosciejewo.pl\/index.php?rest_route=%2Fwp%2Fv2%2Fcomments&post=6416"}],"version-history":[{"count":6,"href":"https:\/\/spgosciejewo.pl\/index.php?rest_route=\/wp\/v2\/posts\/6416\/revisions"}],"predecessor-version":[{"id":6572,"href":"https:\/\/spgosciejewo.pl\/index.php?rest_route=\/wp\/v2\/posts\/6416\/revisions\/6572"}],"wp:featuredmedia":[{"embeddable":true,"href":"https:\/\/spgosciejewo.pl\/index.php?rest_route=\/wp\/v2\/media\/6429"}],"wp:attachment":[{"href":"https:\/\/spgosciejewo.pl\/index.php?rest_route=%2Fwp%2Fv2%2Fmedia&parent=6416"}],"wp:term":[{"taxonomy":"category","embeddable":true,"href":"https:\/\/spgosciejewo.pl\/index.php?rest_route=%2Fwp%2Fv2%2Fcategories&post=6416"},{"taxonomy":"post_tag","embeddable":true,"href":"https:\/\/spgosciejewo.pl\/index.php?rest_route=%2Fwp%2Fv2%2Ftags&post=6416"}],"curies":[{"name":"wp","href":"https:\/\/api.w.org\/{rel}","templated":true}]}}