{"id":5595,"date":"2024-04-24T21:07:57","date_gmt":"2024-04-24T19:07:57","guid":{"rendered":"https:\/\/spgosciejewo.pl\/?p=5595"},"modified":"2024-04-29T22:25:08","modified_gmt":"2024-04-29T20:25:08","slug":"powiatowy-konkurs-matematyczny","status":"publish","type":"post","link":"https:\/\/spgosciejewo.pl\/?p=5595","title":{"rendered":"POWIATOWY KONKURS MATEMATYCZNY."},"content":{"rendered":"<h6 style=\"text-align: left;\"><strong>&nbsp;&nbsp;&nbsp;&nbsp;&nbsp;&nbsp;&nbsp;&nbsp;&nbsp; W dniu 23 kwietnia b.r. uczniowie naszej szko\u0142y wzi\u0119li udzia\u0142 w etapie powiatowym Powiatowego Konkursu Matematycznego, kt\u00f3ry odby\u0142 si\u0119&nbsp; w Obornikach. Wcze\u015bniej, 27 marca b.r. w naszej plac\u00f3wce , odby\u0142 si\u0119 szkolny etap tego konkursu, w kt\u00f3rym udzia\u0142 wzi\u0119\u0142o 25 uczni\u00f3w. Do dalszego etapu &nbsp;wy\u0142oniono&nbsp; 5 najlepszych uczni\u00f3w \u2013 z ka\u017cdej klasy od IV&nbsp; &nbsp; &nbsp; &nbsp; do VIII jednego ucznia.<\/strong><\/h6>\n<p><strong>&nbsp;&nbsp;&nbsp;&nbsp;&nbsp;&nbsp;&nbsp;&nbsp;&nbsp; W etapie powiatowym w Obornikach brali udzia\u0142 reprezentanci&nbsp; z 17 &nbsp;szk\u00f3\u0142 powiatu obornickiego np. z Maniewa, Ryczywo\u0142u , Obornik i Rogo\u017ana. Uczniowie przez 60 minut pisali test , kt\u00f3ry sk\u0142ada\u0142 si\u0119 z zada\u0144 zamkni\u0119tych i otwartych.&nbsp; &nbsp; &nbsp; &nbsp;<\/strong><\/p>\n<h6 style=\"text-align: left;\"><strong>Po uko\u0144czeniu rozwi\u0105zywania zada\u0144 konkursowych, dzieci mog\u0142y zrelaksowa\u0107&nbsp; si\u0119 na&nbsp; kr\u0119glach lub grach planszowych.&nbsp; Po poprawieniu test\u00f3w, w ka\u017cdej kategorii wiekowej wy\u0142oniony zosta\u0142 wicemistrz i mistrz matematyki. Najlepsi matematycy naszego powiatu otrzymali cenne nagrody i dyplomy,&nbsp; a ka\u017cdy uczestnik konkursu dosta\u0142 upominek i dyplom. Uczennica klasy 6,&nbsp; w swojej kategorii wiekowej, w kt\u00f3rej znalaz\u0142o si\u0119 17 uczni\u00f3w,&nbsp; uzyska\u0142a bardzo dobry wynik i uplasowa\u0142a si\u0119&nbsp; na trzecim miejscu, zaraz za wicemistrzem. <\/strong><\/h6>\n<h5 style=\"text-align: center;\"><strong>Gratulujemy wszystkim uczestnikom konkursu, <\/strong><strong>to przecie\u017c najlepsi matematycy naszego powiatu.<\/strong><\/h5>\n<p><img fetchpriority=\"high\" decoding=\"async\" src=\"https:\/\/spgosciejewo.pl\/wp-content\/uploads\/2024\/04\/438223350_1493458344541834_8475503872691453132_n-225x300.jpg\" alt=\"\" width=\"358\" height=\"477\" class=\"wp-image-5596 aligncenter\" srcset=\"https:\/\/spgosciejewo.pl\/wp-content\/uploads\/2024\/04\/438223350_1493458344541834_8475503872691453132_n-225x300.jpg 225w, https:\/\/spgosciejewo.pl\/wp-content\/uploads\/2024\/04\/438223350_1493458344541834_8475503872691453132_n-768x1024.jpg 768w, https:\/\/spgosciejewo.pl\/wp-content\/uploads\/2024\/04\/438223350_1493458344541834_8475503872691453132_n-1152x1536.jpg 1152w, https:\/\/spgosciejewo.pl\/wp-content\/uploads\/2024\/04\/438223350_1493458344541834_8475503872691453132_n.jpg 1530w\" sizes=\"(max-width: 358px) 100vw, 358px\" \/> <img decoding=\"async\" src=\"https:\/\/spgosciejewo.pl\/wp-content\/uploads\/2024\/04\/438246413_1209740633331579_849476074203236490_n-226x300.jpg\" alt=\"\" width=\"358\" height=\"475\" class=\"wp-image-5597 aligncenter\" srcset=\"https:\/\/spgosciejewo.pl\/wp-content\/uploads\/2024\/04\/438246413_1209740633331579_849476074203236490_n-226x300.jpg 226w, https:\/\/spgosciejewo.pl\/wp-content\/uploads\/2024\/04\/438246413_1209740633331579_849476074203236490_n-771x1024.jpg 771w, https:\/\/spgosciejewo.pl\/wp-content\/uploads\/2024\/04\/438246413_1209740633331579_849476074203236490_n-768x1020.jpg 768w, https:\/\/spgosciejewo.pl\/wp-content\/uploads\/2024\/04\/438246413_1209740633331579_849476074203236490_n-1157x1536.jpg 1157w, https:\/\/spgosciejewo.pl\/wp-content\/uploads\/2024\/04\/438246413_1209740633331579_849476074203236490_n.jpg 1536w\" sizes=\"(max-width: 358px) 100vw, 358px\" \/><\/p>\n","protected":false},"excerpt":{"rendered":"<p>&nbsp;&nbsp;&nbsp;&nbsp;&nbsp;&nbsp;&nbsp;&nbsp;&nbsp; W dniu 23 kwietnia b.r. uczniowie naszej szko\u0142y wzi\u0119li udzia\u0142 w etapie powiatowym Powiatowego Konkursu Matematycznego, kt\u00f3ry odby\u0142 si\u0119&nbsp; w Obornikach. Wcze\u015bniej, 27 marca b.r. w naszej plac\u00f3wce , odby\u0142 si\u0119 szkolny etap tego konkursu, w kt\u00f3rym udzia\u0142 wzi\u0119\u0142o 25 uczni\u00f3w. Do dalszego etapu &nbsp;wy\u0142oniono&nbsp; 5 najlepszych uczni\u00f3w \u2013 [&hellip;]<\/p>\n","protected":false},"author":1,"featured_media":5639,"comment_status":"closed","ping_status":"open","sticky":false,"template":"","format":"standard","meta":{"ngg_post_thumbnail":0,"footnotes":""},"categories":[1],"tags":[],"class_list":["post-5595","post","type-post","status-publish","format-standard","has-post-thumbnail","hentry","category-bez-kategorii"],"_links":{"self":[{"href":"https:\/\/spgosciejewo.pl\/index.php?rest_route=\/wp\/v2\/posts\/5595","targetHints":{"allow":["GET"]}}],"collection":[{"href":"https:\/\/spgosciejewo.pl\/index.php?rest_route=\/wp\/v2\/posts"}],"about":[{"href":"https:\/\/spgosciejewo.pl\/index.php?rest_route=\/wp\/v2\/types\/post"}],"author":[{"embeddable":true,"href":"https:\/\/spgosciejewo.pl\/index.php?rest_route=\/wp\/v2\/users\/1"}],"replies":[{"embeddable":true,"href":"https:\/\/spgosciejewo.pl\/index.php?rest_route=%2Fwp%2Fv2%2Fcomments&post=5595"}],"version-history":[{"count":17,"href":"https:\/\/spgosciejewo.pl\/index.php?rest_route=\/wp\/v2\/posts\/5595\/revisions"}],"predecessor-version":[{"id":5614,"href":"https:\/\/spgosciejewo.pl\/index.php?rest_route=\/wp\/v2\/posts\/5595\/revisions\/5614"}],"wp:featuredmedia":[{"embeddable":true,"href":"https:\/\/spgosciejewo.pl\/index.php?rest_route=\/wp\/v2\/media\/5639"}],"wp:attachment":[{"href":"https:\/\/spgosciejewo.pl\/index.php?rest_route=%2Fwp%2Fv2%2Fmedia&parent=5595"}],"wp:term":[{"taxonomy":"category","embeddable":true,"href":"https:\/\/spgosciejewo.pl\/index.php?rest_route=%2Fwp%2Fv2%2Fcategories&post=5595"},{"taxonomy":"post_tag","embeddable":true,"href":"https:\/\/spgosciejewo.pl\/index.php?rest_route=%2Fwp%2Fv2%2Ftags&post=5595"}],"curies":[{"name":"wp","href":"https:\/\/api.w.org\/{rel}","templated":true}]}}