{"id":4500,"date":"2023-12-09T00:18:45","date_gmt":"2023-12-08T23:18:45","guid":{"rendered":"https:\/\/spgosciejewo.pl\/?p=4500"},"modified":"2023-12-09T00:35:14","modified_gmt":"2023-12-08T23:35:14","slug":"reprezentacja-szkoly-konkurs-recytatorski-wierszy-wislawy-szymborskiej","status":"publish","type":"post","link":"https:\/\/spgosciejewo.pl\/?p=4500","title":{"rendered":"REPREZENTACJA SZKO\u0141Y &#8211; KONKURS RECYTATORSKI WIERSZY WIS\u0141AWY SZYMBORSKIEJ."},"content":{"rendered":"<p><img fetchpriority=\"high\" decoding=\"async\" src=\"https:\/\/spgosciejewo.pl\/wp-content\/uploads\/2023\/12\/402180164_734702012037567_7713531123750088048_n-212x300.jpg\" alt=\"\" width=\"362\" height=\"512\" class=\"alignnone wp-image-4501\"><\/p>\n<p>&nbsp;<\/p>\n<p>Konkurs recytatorski wierszy Wis\u0142awy Szymborskiej, kt\u00f3ry odby\u0142 si\u0119 8.12.2023 br.<\/p>\n<p><strong>Gratulacje dla :<\/strong><\/p>\n<p><strong>Wiktorii Ratajszczak, Wiktorii Kaczmarek oraz Weroniki Sygneckiej za odwa\u017cny udzia\u0142 oraz reprezentowanie naszej szko\u0142y.&nbsp;<\/strong><\/p>\n<h4 style=\"text-align: center;\"><strong>DZI\u0118KUJEMY&nbsp; ! ! !&nbsp;<\/strong><\/h4>\nngg_shortcode_0_placeholder\n","protected":false},"excerpt":{"rendered":"<p>&nbsp; Konkurs recytatorski wierszy Wis\u0142awy Szymborskiej, kt\u00f3ry odby\u0142 si\u0119 8.12.2023 br. Gratulacje dla : Wiktorii Ratajszczak, Wiktorii Kaczmarek oraz Weroniki Sygneckiej za odwa\u017cny udzia\u0142 oraz reprezentowanie naszej szko\u0142y.&nbsp; DZI\u0118KUJEMY&nbsp; ! ! !&nbsp;<\/p>\n","protected":false},"author":1,"featured_media":4519,"comment_status":"closed","ping_status":"open","sticky":false,"template":"","format":"standard","meta":{"ngg_post_thumbnail":0,"footnotes":""},"categories":[1],"tags":[],"class_list":["post-4500","post","type-post","status-publish","format-standard","has-post-thumbnail","hentry","category-bez-kategorii"],"_links":{"self":[{"href":"https:\/\/spgosciejewo.pl\/index.php?rest_route=\/wp\/v2\/posts\/4500","targetHints":{"allow":["GET"]}}],"collection":[{"href":"https:\/\/spgosciejewo.pl\/index.php?rest_route=\/wp\/v2\/posts"}],"about":[{"href":"https:\/\/spgosciejewo.pl\/index.php?rest_route=\/wp\/v2\/types\/post"}],"author":[{"embeddable":true,"href":"https:\/\/spgosciejewo.pl\/index.php?rest_route=\/wp\/v2\/users\/1"}],"replies":[{"embeddable":true,"href":"https:\/\/spgosciejewo.pl\/index.php?rest_route=%2Fwp%2Fv2%2Fcomments&post=4500"}],"version-history":[{"count":5,"href":"https:\/\/spgosciejewo.pl\/index.php?rest_route=\/wp\/v2\/posts\/4500\/revisions"}],"predecessor-version":[{"id":4515,"href":"https:\/\/spgosciejewo.pl\/index.php?rest_route=\/wp\/v2\/posts\/4500\/revisions\/4515"}],"wp:featuredmedia":[{"embeddable":true,"href":"https:\/\/spgosciejewo.pl\/index.php?rest_route=\/wp\/v2\/media\/4519"}],"wp:attachment":[{"href":"https:\/\/spgosciejewo.pl\/index.php?rest_route=%2Fwp%2Fv2%2Fmedia&parent=4500"}],"wp:term":[{"taxonomy":"category","embeddable":true,"href":"https:\/\/spgosciejewo.pl\/index.php?rest_route=%2Fwp%2Fv2%2Fcategories&post=4500"},{"taxonomy":"post_tag","embeddable":true,"href":"https:\/\/spgosciejewo.pl\/index.php?rest_route=%2Fwp%2Fv2%2Ftags&post=4500"}],"curies":[{"name":"wp","href":"https:\/\/api.w.org\/{rel}","templated":true}]}}