{"id":4174,"date":"2023-11-11T00:43:49","date_gmt":"2023-11-10T23:43:49","guid":{"rendered":"https:\/\/spgosciejewo.pl\/?p=4174"},"modified":"2023-11-17T00:38:10","modified_gmt":"2023-11-16T23:38:10","slug":"szkoladohymnu","status":"publish","type":"post","link":"https:\/\/spgosciejewo.pl\/?p=4174","title":{"rendered":"#Szko\u0142aDoHymnu."},"content":{"rendered":"<p>Szko\u0142a Podstawowa im. Noblist\u00f3w Polskich w Go\u015bciejewie od\u015bpiewa\u0142a wsp\u00f3lnie&nbsp;<span> \u201eMazurka D\u0105browskiego\u201d w ramach corocznej akcji <strong>\u201eSzko\u0142a do hymnu\u201d&nbsp;<\/strong><\/span>w czwartek,10 listopada o symbolicznej godzinie 11:11. &nbsp;<\/p>\n<p><strong>#Szko\u0142aDoHymnu.<\/strong><\/p>\n<p>&nbsp;<\/p>\n<p><strong>\u015awi\u0119to Niepodleg\u0142o\u015bci w Polsce obchodzone jest 11 listopada<\/strong>. To szczeg\u00f3lna data w historii naszego kraju, poniewa\u017c w\u0142a\u015bnie tego dnia w 1918 roku Polska odzyska\u0142a niepodleg\u0142o\u015b\u0107 po 123 latach rozbior\u00f3w. 11 listopada 1918 roku to moment, kiedy po zako\u0144czeniu I wojny \u015bwiatowej Polska odrodzi\u0142a si\u0119 jako suwerenne pa\u0144stwo.<\/p>\n<p>Dzisiaj, wype\u0142nieni dum\u0105 i wdzi\u0119czno\u015bci\u0105 patrzymy wstecz na trudn\u0105 drog\u0119 naszych przodk\u00f3w, na bohaterstwo tych, kt\u00f3rzy walczyli i po\u015bwi\u0119cili swoje \u017cycie, by\u015bmy my mogli \u017cy\u0107 w wolnym, suwerennym kraju.<\/p>\n<p>\u015awi\u0119to Niepodleg\u0142o\u015bci nie jest tylko patrzeniem wstecz i wspominaniem dawnych dziej\u00f3w ale r\u00f3wnie\u017c szans\u0105 dla Nas wsp\u00f3\u0142cze\u015bnie \u017cyj\u0105cych aby\u015bmy rado\u015bnie \u015bwi\u0119towali nasz\u0105 niepodleg\u0142o\u015b\u0107 i podj\u0119li refleksje nad tym, co dobrego mo\u017cemy zrobi\u0107 dla Polski. Zjednoczeni, mo\u017cemy osi\u0105gn\u0105\u0107 wiele. Wsp\u00f3lnie pracujmy nad tym, aby Polska by\u0142a krajem, w kt\u00f3rym ka\u017cdy mo\u017ce czu\u0107 si\u0119 bezpieczny, szanowany i doceniany.<\/p>\nngg_shortcode_0_placeholder\n<p>&nbsp;<\/p>\n<p style=\"text-align: center;\"><strong><a href=\"https:\/\/drive.google.com\/file\/d\/1qPOyfwCsCj3Un-vkeD4k5FJEHg5Smaks\/view?usp=sharing\">Film &#8211; #Szko\u0142aDoHymnu<\/a><\/strong><\/p>\n","protected":false},"excerpt":{"rendered":"<p>Szko\u0142a Podstawowa im. Noblist\u00f3w Polskich w Go\u015bciejewie od\u015bpiewa\u0142a wsp\u00f3lnie&nbsp; \u201eMazurka D\u0105browskiego\u201d w ramach corocznej akcji \u201eSzko\u0142a do hymnu\u201d&nbsp;w czwartek,10 listopada o symbolicznej godzinie 11:11. &nbsp; #Szko\u0142aDoHymnu. &nbsp; \u015awi\u0119to Niepodleg\u0142o\u015bci w Polsce obchodzone jest 11 listopada. To szczeg\u00f3lna data w historii naszego kraju, poniewa\u017c w\u0142a\u015bnie tego dnia w 1918 roku Polska [&hellip;]<\/p>\n","protected":false},"author":1,"featured_media":4182,"comment_status":"closed","ping_status":"open","sticky":false,"template":"","format":"standard","meta":{"ngg_post_thumbnail":0,"footnotes":""},"categories":[1],"tags":[],"class_list":["post-4174","post","type-post","status-publish","format-standard","has-post-thumbnail","hentry","category-bez-kategorii"],"_links":{"self":[{"href":"https:\/\/spgosciejewo.pl\/index.php?rest_route=\/wp\/v2\/posts\/4174","targetHints":{"allow":["GET"]}}],"collection":[{"href":"https:\/\/spgosciejewo.pl\/index.php?rest_route=\/wp\/v2\/posts"}],"about":[{"href":"https:\/\/spgosciejewo.pl\/index.php?rest_route=\/wp\/v2\/types\/post"}],"author":[{"embeddable":true,"href":"https:\/\/spgosciejewo.pl\/index.php?rest_route=\/wp\/v2\/users\/1"}],"replies":[{"embeddable":true,"href":"https:\/\/spgosciejewo.pl\/index.php?rest_route=%2Fwp%2Fv2%2Fcomments&post=4174"}],"version-history":[{"count":5,"href":"https:\/\/spgosciejewo.pl\/index.php?rest_route=\/wp\/v2\/posts\/4174\/revisions"}],"predecessor-version":[{"id":4202,"href":"https:\/\/spgosciejewo.pl\/index.php?rest_route=\/wp\/v2\/posts\/4174\/revisions\/4202"}],"wp:featuredmedia":[{"embeddable":true,"href":"https:\/\/spgosciejewo.pl\/index.php?rest_route=\/wp\/v2\/media\/4182"}],"wp:attachment":[{"href":"https:\/\/spgosciejewo.pl\/index.php?rest_route=%2Fwp%2Fv2%2Fmedia&parent=4174"}],"wp:term":[{"taxonomy":"category","embeddable":true,"href":"https:\/\/spgosciejewo.pl\/index.php?rest_route=%2Fwp%2Fv2%2Fcategories&post=4174"},{"taxonomy":"post_tag","embeddable":true,"href":"https:\/\/spgosciejewo.pl\/index.php?rest_route=%2Fwp%2Fv2%2Ftags&post=4174"}],"curies":[{"name":"wp","href":"https:\/\/api.w.org\/{rel}","templated":true}]}}