{"id":3835,"date":"2023-10-09T20:52:10","date_gmt":"2023-10-09T18:52:10","guid":{"rendered":"https:\/\/spgosciejewo.pl\/?p=3835"},"modified":"2023-10-09T20:59:29","modified_gmt":"2023-10-09T18:59:29","slug":"europejski-tydzien-swiadomosci-dysleksji","status":"publish","type":"post","link":"https:\/\/spgosciejewo.pl\/?p=3835","title":{"rendered":"EUROPEJSKI TYDZIE\u0143 \u015aWIADOMO\u015aCI DYSLEKSJI."},"content":{"rendered":"<p><img fetchpriority=\"high\" decoding=\"async\" src=\"https:\/\/spgosciejewo.pl\/wp-content\/uploads\/2023\/10\/wp535a7153_1a-212x300.png\" alt=\"\" width=\"212\" height=\"300\" class=\"size-medium wp-image-3839 aligncenter\"><\/p>\n<p style=\"text-align: center;\"><span style=\"color: #000000;\">Obchody Europejskiego Tygodnia \u015awiadomo\u015bci Dysleksji <\/span><br \/>\n<span style=\"color: #000000;\">w roku 2023 odbywaj\u0105 si\u0119 w dniach 02.10.23 \u2013 06.10.23 pod has\u0142em:&nbsp;<\/span><\/p>\n<p style=\"text-align: center;\"><strong>\u201eUcze\u0144 z dysleksj\u0105 w cyfrowym \u015bwiecie\u201d.<\/strong><\/p>\n<p style=\"text-align: center;\"><span style=\"color: #000000;\">Celem corocznej, pa\u017adziernikowej akcji Polskiego Towarzystwa Dysleksji jest przypomnienie, i\u017c w\u015br\u00f3d dzieci chodz\u0105cych do ka\u017cdej szko\u0142y s\u0105 uczniowie o specyficznych potrzebach edukacyjnych.<\/span><\/p>\n<p style=\"text-align: center;\">Nasza szko\u0142a po raz kolejny aktywnie w\u0142\u0105czy\u0142a si\u0119 w obchody tego Tygodnia. Zrealizowali\u015bmy r\u00f3\u017cne przedsi\u0119wzi\u0119cia: gazetki, plakaty oraz warsztaty dla uczni\u00f3w z klas IV \u2013 VI \u201ePoczuj si\u0119 jak dyslektyk\u201d i VII \u2013 VIII \u201eJak dzia\u0142a dysleksja\u201d, kt\u00f3re odby\u0142y si\u0119 5 pa\u017adziernika.<\/p>\n<p style=\"text-align: center;\">Poni\u017cej proponujemy kilka wa\u017cnych i ciekawych materia\u0142\u00f3w, z kt\u00f3rymi warto si\u0119 zapozna\u0107. Zach\u0119camy do skorzystania z nich uczni\u00f3w klas IV \u2013 VIII oraz rodzic\u00f3w i nauczycieli.<\/p>\n<p style=\"text-align: center;\">Poradnik dla rodzica dziecka z dysleksj\u0105<\/p>\n<p style=\"text-align: center;\"><a href=\"http:\/\/domowa.edu.pl\/wp-content\/uploads\/2019\/07\/dysleksja-poradnik.pdf\">http:\/\/domowa.edu.pl\/wp-content\/uploads\/2019\/07\/dysleksja-poradnik.pdf<\/a><\/p>\n<p style=\"text-align: center;\">Bezpiecze\u0144stwo dziecka w Internecie<\/p>\n<p style=\"text-align: center;\"><a href=\"https:\/\/odlaczsie-polaczsie.pl\/\">https:\/\/odlaczsie-polaczsie.pl\/<\/a><\/p>\n<p style=\"text-align: center;\">Test quiz dla dzieci i doros\u0142ych<\/p>\n<p style=\"text-align: center;\"><a href=\"https:\/\/wiadomosci.gazeta.pl\/wiadomosci\/13,129662,7223,tak-quiz-wiedzy-widza-dyslektycy-dasz-rade-igo-przejsc.html?fbclid=IwAR1HnkESVMYoWgO0UJ8lZ-eIKoiA28G1kEvPlYQDd8YCDxpdLStaoOnpzU8\">https:\/\/wiadomosci.gazeta.pl\/wiadomosci\/13,129662,7223,tak-quiz-wiedzy-widza-dyslektycy-dasz-rade-igo-przejsc.html?fbclid=IwAR1HnkESVMYoWgO0UJ8lZ-eIKoiA28G1kEvPlYQDd8YCDxpdLStaoOnpzU8<\/a><\/p>\n<p style=\"text-align: center;\">Polskie Towarzystwo Dysleksji<\/p>\n<p style=\"text-align: center;\"><a href=\"https:\/\/www.ptd.edu.pl\/tydziendys2023.html\">https:\/\/www.ptd.edu.pl\/tydziendys2023.html<\/a><\/p>\n<p style=\"text-align: center;\">Jak dzia\u0142a dysleksja?<\/p>\n<p style=\"text-align: center;\"><a href=\"https:\/\/youtu.be\/JSFlPmnHG4w\">https:\/\/youtu.be\/JSFlPmnHG4w<\/a><\/p>\n<p style=\"text-align: center;\">Zapraszamy r\u00f3wnie\u017c do wzi\u0119cia udzia\u0142u w pierwszym Og\u00f3lnopolskim Te\u015bcie Dysleksji. Test b\u0119dzie dost\u0119pny w dniach 5 -10 pa\u017adziernika 2023r. Wystarczy pobra\u0107 aplikacj\u0119 lub zarejestrowa\u0107 si\u0119 przez przegl\u0105dark\u0119.<\/p>\n<p style=\"text-align: center;\"><a href=\"https:\/\/zday.pl\/\">https:\/\/zday.pl\/<\/a><\/p>\n","protected":false},"excerpt":{"rendered":"<p>Obchody Europejskiego Tygodnia \u015awiadomo\u015bci Dysleksji w roku 2023 odbywaj\u0105 si\u0119 w dniach 02.10.23 \u2013 06.10.23 pod has\u0142em:&nbsp; \u201eUcze\u0144 z dysleksj\u0105 w cyfrowym \u015bwiecie\u201d. Celem corocznej, pa\u017adziernikowej akcji Polskiego Towarzystwa Dysleksji jest przypomnienie, i\u017c w\u015br\u00f3d dzieci chodz\u0105cych do ka\u017cdej szko\u0142y s\u0105 uczniowie o specyficznych potrzebach edukacyjnych. Nasza szko\u0142a po raz kolejny [&hellip;]<\/p>\n","protected":false},"author":1,"featured_media":3843,"comment_status":"closed","ping_status":"open","sticky":false,"template":"","format":"standard","meta":{"ngg_post_thumbnail":0,"footnotes":""},"categories":[1],"tags":[],"class_list":["post-3835","post","type-post","status-publish","format-standard","has-post-thumbnail","hentry","category-bez-kategorii"],"_links":{"self":[{"href":"https:\/\/spgosciejewo.pl\/index.php?rest_route=\/wp\/v2\/posts\/3835","targetHints":{"allow":["GET"]}}],"collection":[{"href":"https:\/\/spgosciejewo.pl\/index.php?rest_route=\/wp\/v2\/posts"}],"about":[{"href":"https:\/\/spgosciejewo.pl\/index.php?rest_route=\/wp\/v2\/types\/post"}],"author":[{"embeddable":true,"href":"https:\/\/spgosciejewo.pl\/index.php?rest_route=\/wp\/v2\/users\/1"}],"replies":[{"embeddable":true,"href":"https:\/\/spgosciejewo.pl\/index.php?rest_route=%2Fwp%2Fv2%2Fcomments&post=3835"}],"version-history":[{"count":6,"href":"https:\/\/spgosciejewo.pl\/index.php?rest_route=\/wp\/v2\/posts\/3835\/revisions"}],"predecessor-version":[{"id":3842,"href":"https:\/\/spgosciejewo.pl\/index.php?rest_route=\/wp\/v2\/posts\/3835\/revisions\/3842"}],"wp:featuredmedia":[{"embeddable":true,"href":"https:\/\/spgosciejewo.pl\/index.php?rest_route=\/wp\/v2\/media\/3843"}],"wp:attachment":[{"href":"https:\/\/spgosciejewo.pl\/index.php?rest_route=%2Fwp%2Fv2%2Fmedia&parent=3835"}],"wp:term":[{"taxonomy":"category","embeddable":true,"href":"https:\/\/spgosciejewo.pl\/index.php?rest_route=%2Fwp%2Fv2%2Fcategories&post=3835"},{"taxonomy":"post_tag","embeddable":true,"href":"https:\/\/spgosciejewo.pl\/index.php?rest_route=%2Fwp%2Fv2%2Ftags&post=3835"}],"curies":[{"name":"wp","href":"https:\/\/api.w.org\/{rel}","templated":true}]}}