{"id":3729,"date":"2023-09-29T14:53:47","date_gmt":"2023-09-29T12:53:47","guid":{"rendered":"https:\/\/spgosciejewo.pl\/?p=3729"},"modified":"2023-10-17T22:56:42","modified_gmt":"2023-10-17T20:56:42","slug":"kolega-koledze-zbiorka-zbiorka-przyborow-szkolnych-dla-dzieci-z-syrii-i-libanu","status":"publish","type":"post","link":"https:\/\/spgosciejewo.pl\/?p=3729","title":{"rendered":"KOLEGA &#8211; KOLEDZE ZBI\u00d3RKA  PRZYBOR\u00d3W SZKOLNYCH DLA DZIECI Z SYRII I LIBANU."},"content":{"rendered":"<p style=\"text-align: center;\"><strong>Akcja zbi\u00f3rki przybor\u00f3w szkolnych dla dzieci z Afryki &nbsp;zako\u0144czona.<\/strong><\/p>\n<p><strong>\u201eKOLEGA KOLEDZE\u201d<\/strong> pod tym has\u0142em uczniowie naszej szko\u0142y zbierali przybory szkolne dla dzieci z Syrii i Libanu. Przybory zbierane by\u0142y przez ca\u0142y miesi\u0105c. W akcji bra\u0142y udzia\u0142 dzieci z oddzia\u0142u przedszkolnego w Go\u015bciejewie i uczniowie naszej szko\u0142y.Uda\u0142o nam si\u0119 zebra\u0107 a\u017c&nbsp;dwa kartony wype\u0142nione po brzegi zeszytami, blokami, kredkami, mazakami, farbami, plastelin\u0105, o\u0142\u00f3wkami, d\u0142ugopisami, linijkami, pi\u00f3rnikami i&nbsp;plecakami.<\/p>\n<p style=\"text-align: center;\"><strong>Dzi\u0119kujemy wszystkim, kt\u00f3rzy otworzyli serce i w\u0142\u0105czyli si\u0119 do przygotowania&nbsp;<\/strong><\/p>\n<p style=\"text-align: center;\"><strong> i przeprowadzenia akcji charytatywnej.<\/strong><\/p>\n<p><img fetchpriority=\"high\" decoding=\"async\" src=\"https:\/\/spgosciejewo.pl\/wp-content\/uploads\/2023\/09\/387538168_7406098422747849_7296778556215719238_n-300x225.jpg\" alt=\"\" width=\"605\" height=\"454\" class=\"wp-image-3900 aligncenter\" srcset=\"https:\/\/spgosciejewo.pl\/wp-content\/uploads\/2023\/09\/387538168_7406098422747849_7296778556215719238_n-300x225.jpg 300w, https:\/\/spgosciejewo.pl\/wp-content\/uploads\/2023\/09\/387538168_7406098422747849_7296778556215719238_n-1024x768.jpg 1024w, https:\/\/spgosciejewo.pl\/wp-content\/uploads\/2023\/09\/387538168_7406098422747849_7296778556215719238_n-768x576.jpg 768w, https:\/\/spgosciejewo.pl\/wp-content\/uploads\/2023\/09\/387538168_7406098422747849_7296778556215719238_n-1536x1152.jpg 1536w, https:\/\/spgosciejewo.pl\/wp-content\/uploads\/2023\/09\/387538168_7406098422747849_7296778556215719238_n.jpg 2000w\" sizes=\"(max-width: 605px) 100vw, 605px\" \/><\/p>\n<p>&nbsp;<\/p>\n<p>&nbsp;<\/p>\n<p>&nbsp;<\/p>\n<p>&nbsp;<\/p>\n<p><img decoding=\"async\" src=\"https:\/\/spgosciejewo.pl\/wp-content\/uploads\/2023\/09\/kolega-koledze-768x768-1-300x300.png\" alt=\"\" width=\"623\" height=\"623\" class=\"wp-image-3730 aligncenter\" srcset=\"https:\/\/spgosciejewo.pl\/wp-content\/uploads\/2023\/09\/kolega-koledze-768x768-1-300x300.png 300w, https:\/\/spgosciejewo.pl\/wp-content\/uploads\/2023\/09\/kolega-koledze-768x768-1-150x150.png 150w, https:\/\/spgosciejewo.pl\/wp-content\/uploads\/2023\/09\/kolega-koledze-768x768-1.png 768w\" sizes=\"(max-width: 623px) 100vw, 623px\" \/><\/p>\n<h5><strong><i><span class=\"font\"><span class=\"size\"><span>Caritas Archidiecezji Gnie\u017anie\u0144skiej pragniemy zaprosi\u0107&nbsp;<b>uczni\u00f3w naszej szko\u0142y do w\u0142\u0105czenia si\u0119 w akcj\u0119 wspierania dzieci z pa\u0144stw ogarni\u0119tych kryzysem &#8211; Syrii i Libanu, przebiegaj\u0105c\u0105 pod has\u0142em &#8222;Kolega-koledze&#8221;.<\/b>&nbsp;Jest to og\u00f3lnopolska akcja organizowana przez Caritas Polska, do kt\u00f3rej przyst\u0105pi\u0142a tak\u017ce Caritas Arch. Gnie\u017anie\u0144skiej, polegaj\u0105ca na zbi\u00f3rce przybor\u00f3w szkolnych dla dzieci z Syrii i Libanu.<\/span><\/span><\/span><\/i><\/strong><\/h5>\n<p>&nbsp;<\/p>\n<p>&nbsp;<\/p>\n","protected":false},"excerpt":{"rendered":"<p>Akcja zbi\u00f3rki przybor\u00f3w szkolnych dla dzieci z Afryki &nbsp;zako\u0144czona. \u201eKOLEGA KOLEDZE\u201d pod tym has\u0142em uczniowie naszej szko\u0142y zbierali przybory szkolne dla dzieci z Syrii i Libanu. Przybory zbierane by\u0142y przez ca\u0142y miesi\u0105c. W akcji bra\u0142y udzia\u0142 dzieci z oddzia\u0142u przedszkolnego w Go\u015bciejewie i uczniowie naszej szko\u0142y.Uda\u0142o nam si\u0119 zebra\u0107 a\u017c&nbsp;dwa [&hellip;]<\/p>\n","protected":false},"author":1,"featured_media":3730,"comment_status":"closed","ping_status":"open","sticky":false,"template":"","format":"standard","meta":{"ngg_post_thumbnail":0,"footnotes":""},"categories":[1],"tags":[],"class_list":["post-3729","post","type-post","status-publish","format-standard","has-post-thumbnail","hentry","category-bez-kategorii"],"_links":{"self":[{"href":"https:\/\/spgosciejewo.pl\/index.php?rest_route=\/wp\/v2\/posts\/3729","targetHints":{"allow":["GET"]}}],"collection":[{"href":"https:\/\/spgosciejewo.pl\/index.php?rest_route=\/wp\/v2\/posts"}],"about":[{"href":"https:\/\/spgosciejewo.pl\/index.php?rest_route=\/wp\/v2\/types\/post"}],"author":[{"embeddable":true,"href":"https:\/\/spgosciejewo.pl\/index.php?rest_route=\/wp\/v2\/users\/1"}],"replies":[{"embeddable":true,"href":"https:\/\/spgosciejewo.pl\/index.php?rest_route=%2Fwp%2Fv2%2Fcomments&post=3729"}],"version-history":[{"count":5,"href":"https:\/\/spgosciejewo.pl\/index.php?rest_route=\/wp\/v2\/posts\/3729\/revisions"}],"predecessor-version":[{"id":3901,"href":"https:\/\/spgosciejewo.pl\/index.php?rest_route=\/wp\/v2\/posts\/3729\/revisions\/3901"}],"wp:featuredmedia":[{"embeddable":true,"href":"https:\/\/spgosciejewo.pl\/index.php?rest_route=\/wp\/v2\/media\/3730"}],"wp:attachment":[{"href":"https:\/\/spgosciejewo.pl\/index.php?rest_route=%2Fwp%2Fv2%2Fmedia&parent=3729"}],"wp:term":[{"taxonomy":"category","embeddable":true,"href":"https:\/\/spgosciejewo.pl\/index.php?rest_route=%2Fwp%2Fv2%2Fcategories&post=3729"},{"taxonomy":"post_tag","embeddable":true,"href":"https:\/\/spgosciejewo.pl\/index.php?rest_route=%2Fwp%2Fv2%2Ftags&post=3729"}],"curies":[{"name":"wp","href":"https:\/\/api.w.org\/{rel}","templated":true}]}}