{"id":3628,"date":"2023-09-21T23:15:48","date_gmt":"2023-09-21T21:15:48","guid":{"rendered":"https:\/\/spgosciejewo.pl\/?p=3628"},"modified":"2023-10-17T23:31:05","modified_gmt":"2023-10-17T21:31:05","slug":"29-09-2023r-bierzemy-udzial-w-europejskim-dniu-sportu-szkolnego","status":"publish","type":"post","link":"https:\/\/spgosciejewo.pl\/?p=3628","title":{"rendered":"29.09.2023. BIERZEMY UDZIA\u0141  W EUROPEJSKIM DNIU SPORTU SZKOLNEGO #BeActive"},"content":{"rendered":"<p>&nbsp;<\/p>\n<p><img fetchpriority=\"high\" decoding=\"async\" src=\"https:\/\/spgosciejewo.pl\/wp-content\/uploads\/2023\/09\/379290033_828400732252487_1074305406081635476_n-e1695331252275-200x300.jpg\" alt=\"\" width=\"461\" height=\"692\" class=\"wp-image-3630 aligncenter\" srcset=\"https:\/\/spgosciejewo.pl\/wp-content\/uploads\/2023\/09\/379290033_828400732252487_1074305406081635476_n-e1695331252275-200x300.jpg 200w, https:\/\/spgosciejewo.pl\/wp-content\/uploads\/2023\/09\/379290033_828400732252487_1074305406081635476_n-e1695331252275.jpg 540w\" sizes=\"(max-width: 461px) 100vw, 461px\" \/><\/p>\n<p style=\"text-align: center;\"><strong>Europejski Dzie\u0144 Sportu Szkolnego 2023<\/strong><\/p>\n<p style=\"text-align: center;\"><strong>29 wrze\u015bnia w szko\u0142ach i przedszkolach z ca\u0142ej Europy i ze \u015bwiata \u015bwi\u0119towali\u015bmy Europejski Dzie\u0144 Sportu Szkolnego (ESSD \u2013 European School Sport Day). Ide\u0105 ESSD jest celebracja<\/strong><strong><br \/>\n&nbsp;i promocja aktywno\u015bci fizycznej w\u015br\u00f3d uczni\u00f3w.<\/strong><\/p>\n<p><span style=\"color: #000000;\"><strong>Europejski Dzie\u0144 Sportu Szkolnego<\/strong> to mi\u0119dzynarodowe \u015bwi\u0119to ruchu w szko\u0142ach, b\u0119d\u0105ce cz\u0119\u015bci\u0105 Europejskiego Tygodnia Sportu \u2013 kampanii realizowanej pod has\u0142em <strong>#BeActive (b\u0105d\u017a aktywny).<\/strong> Wydarzenie organizowane jest cyklicznie od 2015 roku w ostatni pi\u0105tek wrze\u015bnia na terenie ca\u0142ej Europy, a tak\u017ce kilku kraj\u00f3w Azji, Afryki i Ameryki Po\u0142udniowej. W tym roku r\u00f3wnie\u017c nasza plac\u00f3wka by\u0142a cz\u0119\u015bci\u0105 tego mi\u0119dzynarodowego wydarzenia.<\/span><\/p>\n<p><span style=\"color: #000000;\">Dla przedszkolak\u00f3w i uczni\u00f3w klas I-III zorganizowali\u015bmy wyj\u0105tkowy harmonogram dnia- RUCHOWY PLAN LEKCJI (Active Lessons Plan), b\u0119d\u0105cy po\u0142\u0105czeniem dobrej zabawy z ruchem <\/span><br \/>\n<span style=\"color: #000000;\">i nauk\u0105, kt\u00f3ry przygotowa\u0142a Akademia Krokieta i Lamy. Uczniowie klas IV-VIII rozpocz\u0119li zmagania sportowe od wsp\u00f3lnej rozgrzewki, po kt\u00f3rej odby\u0142y si\u0119 biegi sztafetowe. Nast\u0119pnie r\u00f3wnorz\u0119dnie na boisku szkolnym odby\u0142y si\u0119 turnieje gier zespo\u0142owych \u201eDwa ognie\u201d i \u201eFlagi\u201d. Dzie\u0144 zako\u0144czyli\u015bmy wsp\u00f3lnym ta\u0144cem integracyjnym \u201eBelgijk\u0105\u201d.&nbsp; Poni\u017cej zapraszamy do fotorelacji z tego wyj\u0105tkowego wydarzenia.<\/span><\/p>\n<div style=\"width: 640px;\" class=\"wp-video\"><video class=\"wp-video-shortcode\" id=\"video-3628-1\" width=\"640\" height=\"368\" preload=\"metadata\" controls=\"controls\"><source type=\"video\/mp4\" src=\"https:\/\/spgosciejewo.pl\/wp-content\/uploads\/2023\/09\/386635818_7033664559979656_2090510425375912310_n.mp4?_=1\" \/><a href=\"https:\/\/spgosciejewo.pl\/wp-content\/uploads\/2023\/09\/386635818_7033664559979656_2090510425375912310_n.mp4\">https:\/\/spgosciejewo.pl\/wp-content\/uploads\/2023\/09\/386635818_7033664559979656_2090510425375912310_n.mp4<\/a><\/video><\/div>\n<div style=\"width: 640px;\" class=\"wp-video\"><video class=\"wp-video-shortcode\" id=\"video-3628-2\" width=\"640\" height=\"368\" preload=\"metadata\" controls=\"controls\"><source type=\"video\/mp4\" src=\"https:\/\/spgosciejewo.pl\/wp-content\/uploads\/2023\/09\/386214158_6587367958020572_4386904988687091635_n.mp4?_=2\" \/><a href=\"https:\/\/spgosciejewo.pl\/wp-content\/uploads\/2023\/09\/386214158_6587367958020572_4386904988687091635_n.mp4\">https:\/\/spgosciejewo.pl\/wp-content\/uploads\/2023\/09\/386214158_6587367958020572_4386904988687091635_n.mp4<\/a><\/video><\/div>\n<div style=\"width: 640px;\" class=\"wp-video\"><video class=\"wp-video-shortcode\" id=\"video-3628-3\" width=\"640\" height=\"368\" preload=\"metadata\" controls=\"controls\"><source type=\"video\/mp4\" src=\"https:\/\/spgosciejewo.pl\/wp-content\/uploads\/2023\/09\/386478341_6338172169627637_8078380670196715809_n.mp4?_=3\" \/><a href=\"https:\/\/spgosciejewo.pl\/wp-content\/uploads\/2023\/09\/386478341_6338172169627637_8078380670196715809_n.mp4\">https:\/\/spgosciejewo.pl\/wp-content\/uploads\/2023\/09\/386478341_6338172169627637_8078380670196715809_n.mp4<\/a><\/video><\/div>\n<p>&nbsp;<\/p>\n<div style=\"width: 640px;\" class=\"wp-video\"><video class=\"wp-video-shortcode\" id=\"video-3628-4\" width=\"640\" height=\"368\" preload=\"metadata\" controls=\"controls\"><source type=\"video\/mp4\" src=\"https:\/\/spgosciejewo.pl\/wp-content\/uploads\/2023\/09\/388908801_6109404449162483_2454452075943323681_n.mp4?_=4\" \/><a href=\"https:\/\/spgosciejewo.pl\/wp-content\/uploads\/2023\/09\/388908801_6109404449162483_2454452075943323681_n.mp4\">https:\/\/spgosciejewo.pl\/wp-content\/uploads\/2023\/09\/388908801_6109404449162483_2454452075943323681_n.mp4<\/a><\/video><\/div>\n<div style=\"width: 640px;\" class=\"wp-video\"><video class=\"wp-video-shortcode\" id=\"video-3628-5\" width=\"640\" height=\"368\" preload=\"metadata\" controls=\"controls\"><source type=\"video\/mp4\" src=\"https:\/\/spgosciejewo.pl\/wp-content\/uploads\/2023\/09\/388911819_6853753028004518_4473702815627159786_n.mp4?_=5\" \/><a href=\"https:\/\/spgosciejewo.pl\/wp-content\/uploads\/2023\/09\/388911819_6853753028004518_4473702815627159786_n.mp4\">https:\/\/spgosciejewo.pl\/wp-content\/uploads\/2023\/09\/388911819_6853753028004518_4473702815627159786_n.mp4<\/a><\/video><\/div>\n<p>&nbsp;<\/p>\n<div style=\"width: 640px;\" class=\"wp-video\"><video class=\"wp-video-shortcode\" id=\"video-3628-6\" width=\"640\" height=\"368\" preload=\"metadata\" controls=\"controls\"><source type=\"video\/mp4\" src=\"https:\/\/spgosciejewo.pl\/wp-content\/uploads\/2023\/09\/388909342_7292715334091333_7704175260134843283_n.mp4?_=6\" \/><a href=\"https:\/\/spgosciejewo.pl\/wp-content\/uploads\/2023\/09\/388909342_7292715334091333_7704175260134843283_n.mp4\">https:\/\/spgosciejewo.pl\/wp-content\/uploads\/2023\/09\/388909342_7292715334091333_7704175260134843283_n.mp4<\/a><\/video><\/div>\n<p>&nbsp;<\/p>\n<h4 style=\"text-align: center;\"><strong>Fotorelacja&nbsp;<\/strong><\/h4>\nngg_shortcode_0_placeholder\n<p>&nbsp;<\/p>\n","protected":false},"excerpt":{"rendered":"<p>&nbsp; Europejski Dzie\u0144 Sportu Szkolnego 2023 29 wrze\u015bnia w szko\u0142ach i przedszkolach z ca\u0142ej Europy i ze \u015bwiata \u015bwi\u0119towali\u015bmy Europejski Dzie\u0144 Sportu Szkolnego (ESSD \u2013 European School Sport Day). Ide\u0105 ESSD jest celebracja &nbsp;i promocja aktywno\u015bci fizycznej w\u015br\u00f3d uczni\u00f3w. Europejski Dzie\u0144 Sportu Szkolnego to mi\u0119dzynarodowe \u015bwi\u0119to ruchu w szko\u0142ach, b\u0119d\u0105ce [&hellip;]<\/p>\n","protected":false},"author":1,"featured_media":3633,"comment_status":"closed","ping_status":"open","sticky":false,"template":"","format":"standard","meta":{"ngg_post_thumbnail":0,"footnotes":""},"categories":[1],"tags":[],"class_list":["post-3628","post","type-post","status-publish","format-standard","has-post-thumbnail","hentry","category-bez-kategorii"],"_links":{"self":[{"href":"https:\/\/spgosciejewo.pl\/index.php?rest_route=\/wp\/v2\/posts\/3628","targetHints":{"allow":["GET"]}}],"collection":[{"href":"https:\/\/spgosciejewo.pl\/index.php?rest_route=\/wp\/v2\/posts"}],"about":[{"href":"https:\/\/spgosciejewo.pl\/index.php?rest_route=\/wp\/v2\/types\/post"}],"author":[{"embeddable":true,"href":"https:\/\/spgosciejewo.pl\/index.php?rest_route=\/wp\/v2\/users\/1"}],"replies":[{"embeddable":true,"href":"https:\/\/spgosciejewo.pl\/index.php?rest_route=%2Fwp%2Fv2%2Fcomments&post=3628"}],"version-history":[{"count":11,"href":"https:\/\/spgosciejewo.pl\/index.php?rest_route=\/wp\/v2\/posts\/3628\/revisions"}],"predecessor-version":[{"id":3935,"href":"https:\/\/spgosciejewo.pl\/index.php?rest_route=\/wp\/v2\/posts\/3628\/revisions\/3935"}],"wp:featuredmedia":[{"embeddable":true,"href":"https:\/\/spgosciejewo.pl\/index.php?rest_route=\/wp\/v2\/media\/3633"}],"wp:attachment":[{"href":"https:\/\/spgosciejewo.pl\/index.php?rest_route=%2Fwp%2Fv2%2Fmedia&parent=3628"}],"wp:term":[{"taxonomy":"category","embeddable":true,"href":"https:\/\/spgosciejewo.pl\/index.php?rest_route=%2Fwp%2Fv2%2Fcategories&post=3628"},{"taxonomy":"post_tag","embeddable":true,"href":"https:\/\/spgosciejewo.pl\/index.php?rest_route=%2Fwp%2Fv2%2Ftags&post=3628"}],"curies":[{"name":"wp","href":"https:\/\/api.w.org\/{rel}","templated":true}]}}