{"id":3442,"date":"2023-09-11T14:25:10","date_gmt":"2023-09-11T12:25:10","guid":{"rendered":"https:\/\/spgosciejewo.pl\/?p=3442"},"modified":"2023-09-11T14:28:53","modified_gmt":"2023-09-11T12:28:53","slug":"uroczyste-rozpoczecie-roku-szkolnego-2023-2024","status":"publish","type":"post","link":"https:\/\/spgosciejewo.pl\/?p=3442","title":{"rendered":"Dzie\u0144 dobry szko\u0142o ! Uroczyste rozpocz\u0119cie roku szkolnego 2023\/2024."},"content":{"rendered":"<h6 style=\"text-align: left;\"><strong><span style=\"color: #000000;\">Dzie\u0144 dobry, szko\u0142o!<\/span><\/strong><\/h6>\n<h6 style=\"text-align: left;\"><span style=\"color: #000000;\">D\u017awi\u0119k dzwonka oznajmi\u0142 rozpocz\u0119cie n<\/span><span style=\"color: #000000;\">owego roku szkolnego 2023\/2024.&nbsp; &nbsp; &nbsp; &nbsp; &nbsp; &nbsp; Zgromadzonych uczni\u00f3w, rodzic\u00f3w, nauczycieli, pracownik\u00f3w obs\u0142ugi i administracji, a tak\u017ce nowo powo\u0142anego wicedyrektora szko\u0142y, pana Andrzeja Wojciechowskiego serdecznie powita\u0142a pani dyrektor, Katarzyna Gniadek, przedstawiaj\u0105c, m.in. dobry stan przygotowania plac\u00f3wki do nowego roku szkolnego. Swoj\u0105 obecno\u015bci\u0105 zaszczycili nas r\u00f3wnie\u017c radny Rady Miejskiej w <\/span><span style=\"color: #000000;\">Rogo\u017anie, pan Henryk Janus, pan Rafa\u0142 Szyma\u0144ski przedstawiciel Urz\u0119du Miasta Rogo\u017ano raz so\u0142tys Go\u015bciejewa, pan Ludwik Skibi\u0144ski. Uczniowie naszej szko\u0142y zaprezentowali wiersze i piosenki tematycznie zwi\u0105zane z &nbsp;powitaniem nowego roku szkolnego. Wa\u017cnym punktem programu by\u0142o \u015blubowanie pierwszoklasist\u00f3w i pasowanie ich na uczni\u00f3w naszej szko\u0142y. Minut\u0105 ciszy upami\u0119tniono ofiary II wojny \u015bwiatowej oraz oddano ho\u0142d poleg\u0142ym obro\u0144com Ukrainy. Poczet sztandarowy w sk\u0142adzie: Martyna Szargan, Julia Kita, Jan Banasiak, godnie prezentowali zasady ceremonia\u0142u. <\/span><\/h6>\n<h6 style=\"text-align: left;\"><span style=\"color: #000000;\">Program przygotowali nauczyciele: pani Wioletta Michalska, pani Damiana Szumi\u0144ska &#8211; Jab\u0142o\u0144ska oraz pan Dawid K<\/span><span style=\"color: #000000;\">alff.<\/span><\/h6>\nngg_shortcode_0_placeholder\n","protected":false},"excerpt":{"rendered":"<p>Dzie\u0144 dobry, szko\u0142o! D\u017awi\u0119k dzwonka oznajmi\u0142 rozpocz\u0119cie nowego roku szkolnego 2023\/2024.&nbsp; &nbsp; &nbsp; &nbsp; &nbsp; &nbsp; Zgromadzonych uczni\u00f3w, rodzic\u00f3w, nauczycieli, pracownik\u00f3w obs\u0142ugi i administracji, a tak\u017ce nowo powo\u0142anego wicedyrektora szko\u0142y, pana Andrzeja Wojciechowskiego serdecznie powita\u0142a pani dyrektor, Katarzyna Gniadek, przedstawiaj\u0105c, m.in. dobry stan przygotowania plac\u00f3wki do nowego roku szkolnego. Swoj\u0105 [&hellip;]<\/p>\n","protected":false},"author":1,"featured_media":3460,"comment_status":"closed","ping_status":"open","sticky":false,"template":"","format":"standard","meta":{"ngg_post_thumbnail":0,"footnotes":""},"categories":[1],"tags":[],"class_list":["post-3442","post","type-post","status-publish","format-standard","has-post-thumbnail","hentry","category-bez-kategorii"],"_links":{"self":[{"href":"https:\/\/spgosciejewo.pl\/index.php?rest_route=\/wp\/v2\/posts\/3442","targetHints":{"allow":["GET"]}}],"collection":[{"href":"https:\/\/spgosciejewo.pl\/index.php?rest_route=\/wp\/v2\/posts"}],"about":[{"href":"https:\/\/spgosciejewo.pl\/index.php?rest_route=\/wp\/v2\/types\/post"}],"author":[{"embeddable":true,"href":"https:\/\/spgosciejewo.pl\/index.php?rest_route=\/wp\/v2\/users\/1"}],"replies":[{"embeddable":true,"href":"https:\/\/spgosciejewo.pl\/index.php?rest_route=%2Fwp%2Fv2%2Fcomments&post=3442"}],"version-history":[{"count":11,"href":"https:\/\/spgosciejewo.pl\/index.php?rest_route=\/wp\/v2\/posts\/3442\/revisions"}],"predecessor-version":[{"id":3471,"href":"https:\/\/spgosciejewo.pl\/index.php?rest_route=\/wp\/v2\/posts\/3442\/revisions\/3471"}],"wp:featuredmedia":[{"embeddable":true,"href":"https:\/\/spgosciejewo.pl\/index.php?rest_route=\/wp\/v2\/media\/3460"}],"wp:attachment":[{"href":"https:\/\/spgosciejewo.pl\/index.php?rest_route=%2Fwp%2Fv2%2Fmedia&parent=3442"}],"wp:term":[{"taxonomy":"category","embeddable":true,"href":"https:\/\/spgosciejewo.pl\/index.php?rest_route=%2Fwp%2Fv2%2Fcategories&post=3442"},{"taxonomy":"post_tag","embeddable":true,"href":"https:\/\/spgosciejewo.pl\/index.php?rest_route=%2Fwp%2Fv2%2Ftags&post=3442"}],"curies":[{"name":"wp","href":"https:\/\/api.w.org\/{rel}","templated":true}]}}