{"id":3398,"date":"2023-08-31T09:10:13","date_gmt":"2023-08-31T07:10:13","guid":{"rendered":"https:\/\/spgosciejewo.pl\/?p=3398"},"modified":"2023-09-21T23:32:08","modified_gmt":"2023-09-21T21:32:08","slug":"zaproszenie-na-uroczystosc-inauguracji-roku-szkolnego-2023-2024","status":"publish","type":"post","link":"https:\/\/spgosciejewo.pl\/?p=3398","title":{"rendered":"ZAPROSZENIE NA UROCZYSTE ROZPOCZ\u0118CIE  ROKU  SZKOLNEGO   2023\/2024."},"content":{"rendered":"<p style=\"text-align: center;\"><b>Dyrektor, Grono Pedagogiczne<\/b><b> ,Uczniowie oraz Oddzia\u0142y Przedszkolne&nbsp;<\/b><\/p>\n<p style=\"text-align: center;\"><b>Szko\u0142y Podstawowej <\/b><b>Noblist\u00f3w Polskich w Go\u015bciejewie<\/b><\/p>\n<p style=\"text-align: center;\"><b>serdecznie zapraszaj\u0105 <\/b><b>na :&nbsp;<\/b><\/p>\n<p style=\"text-align: center;\"><span style=\"color: #0000ff;\"><b>UROCZYSTO\u015a\u0106<\/b><\/span><\/p>\n<p style=\"text-align: center;\"><span style=\"color: #0000ff;\"><b>INAUGURACJI&nbsp; ROKU&nbsp; SZKOLNEGO <\/b><\/span><\/p>\n<p style=\"text-align: center;\"><span style=\"color: #0000ff;\"><b>&nbsp;2023\/2024<\/b><b>,<\/b><\/span><\/p>\n<p style=\"text-align: center;\"><span style=\"color: #0000ff;\"><b>kt\u00f3ra&nbsp; odb\u0119dzie si\u0119 <\/b><\/span><\/p>\n<p style=\"text-align: center;\"><span style=\"color: #0000ff;\"><b>04 wrze\u015bnia 2023 roku&nbsp; <\/b><\/span><\/p>\n<p style=\"text-align: center;\"><span style=\"color: #0000ff;\"><b>o godz. 8.30 <\/b><\/span><\/p>\n<p style=\"text-align: center;\"><span style=\"color: #993366;\"><b>w amfiteatrze w Go\u015bciejewie.<\/b><\/span><\/p>\n<p style=\"text-align: center;\">\n","protected":false},"excerpt":{"rendered":"<p>Dyrektor, Grono Pedagogiczne ,Uczniowie oraz Oddzia\u0142y Przedszkolne&nbsp; Szko\u0142y Podstawowej Noblist\u00f3w Polskich w Go\u015bciejewie serdecznie zapraszaj\u0105 na :&nbsp; UROCZYSTO\u015a\u0106 INAUGURACJI&nbsp; ROKU&nbsp; SZKOLNEGO &nbsp;2023\/2024, kt\u00f3ra&nbsp; odb\u0119dzie si\u0119 04 wrze\u015bnia 2023 roku&nbsp; o godz. 8.30 w amfiteatrze w Go\u015bciejewie.<\/p>\n","protected":false},"author":1,"featured_media":3400,"comment_status":"closed","ping_status":"open","sticky":false,"template":"","format":"standard","meta":{"ngg_post_thumbnail":0,"footnotes":""},"categories":[1],"tags":[],"class_list":["post-3398","post","type-post","status-publish","format-standard","has-post-thumbnail","hentry","category-bez-kategorii"],"_links":{"self":[{"href":"https:\/\/spgosciejewo.pl\/index.php?rest_route=\/wp\/v2\/posts\/3398","targetHints":{"allow":["GET"]}}],"collection":[{"href":"https:\/\/spgosciejewo.pl\/index.php?rest_route=\/wp\/v2\/posts"}],"about":[{"href":"https:\/\/spgosciejewo.pl\/index.php?rest_route=\/wp\/v2\/types\/post"}],"author":[{"embeddable":true,"href":"https:\/\/spgosciejewo.pl\/index.php?rest_route=\/wp\/v2\/users\/1"}],"replies":[{"embeddable":true,"href":"https:\/\/spgosciejewo.pl\/index.php?rest_route=%2Fwp%2Fv2%2Fcomments&post=3398"}],"version-history":[{"count":4,"href":"https:\/\/spgosciejewo.pl\/index.php?rest_route=\/wp\/v2\/posts\/3398\/revisions"}],"predecessor-version":[{"id":3636,"href":"https:\/\/spgosciejewo.pl\/index.php?rest_route=\/wp\/v2\/posts\/3398\/revisions\/3636"}],"wp:featuredmedia":[{"embeddable":true,"href":"https:\/\/spgosciejewo.pl\/index.php?rest_route=\/wp\/v2\/media\/3400"}],"wp:attachment":[{"href":"https:\/\/spgosciejewo.pl\/index.php?rest_route=%2Fwp%2Fv2%2Fmedia&parent=3398"}],"wp:term":[{"taxonomy":"category","embeddable":true,"href":"https:\/\/spgosciejewo.pl\/index.php?rest_route=%2Fwp%2Fv2%2Fcategories&post=3398"},{"taxonomy":"post_tag","embeddable":true,"href":"https:\/\/spgosciejewo.pl\/index.php?rest_route=%2Fwp%2Fv2%2Ftags&post=3398"}],"curies":[{"name":"wp","href":"https:\/\/api.w.org\/{rel}","templated":true}]}}