{"id":3202,"date":"2023-06-21T21:50:03","date_gmt":"2023-06-21T19:50:03","guid":{"rendered":"https:\/\/spgosciejewo.pl\/?p=3202"},"modified":"2023-06-21T21:52:50","modified_gmt":"2023-06-21T19:52:50","slug":"uroczystosc-zakonczenia-roku-szkolnego-23-czerwca-2023-roku","status":"publish","type":"post","link":"https:\/\/spgosciejewo.pl\/?p=3202","title":{"rendered":"UROCZYSTO\u015a\u0106 ZAKO\u0143CZENIA  ROKU  SZKOLNEGO 23 CZERWCA 2023 ROKU\u00a0"},"content":{"rendered":"<h6 style=\"text-align: center;\"><span style=\"color: #000000;\">Dyrektor, Grono Pedagogiczne<\/span><\/h6>\n<h6 style=\"text-align: center;\"><span style=\"color: #000000;\">&nbsp;i Uczniowie klas (1-8)&nbsp; Szko\u0142y Podstawowej im. Noblist\u00f3w Polskich w Go\u015bciejewie<\/span><\/h6>\n<h6 style=\"text-align: center;\"><span style=\"color: #000000;\">serdecznie zapraszaj\u0105 na UROCZYSTO\u015a\u0106 ZAKO\u0143CZENIA&nbsp; ROKU&nbsp; SZKOLNEGO <\/span><\/h6>\n<h6 style=\"text-align: center;\"><span style=\"color: #000000;\">&nbsp;oraz&nbsp;&nbsp; PO\u017bEGNANIA&nbsp; ABSOLWENT\u00d3W, kt\u00f3ra&nbsp; odb\u0119dzie si\u0119&nbsp;<\/span><\/h6>\n<h6 style=\"text-align: center;\"><span style=\"color: #0000ff;\"><strong> 23 czerwca 2023 roku &nbsp; o godz. <\/strong><strong>8:30&nbsp; w amfiteatrze w Go\u015bciejewie.<\/strong><\/span><\/h6>\n","protected":false},"excerpt":{"rendered":"<p>Dyrektor, Grono Pedagogiczne &nbsp;i Uczniowie klas (1-8)&nbsp; Szko\u0142y Podstawowej im. Noblist\u00f3w Polskich w Go\u015bciejewie serdecznie zapraszaj\u0105 na UROCZYSTO\u015a\u0106 ZAKO\u0143CZENIA&nbsp; ROKU&nbsp; SZKOLNEGO &nbsp;oraz&nbsp;&nbsp; PO\u017bEGNANIA&nbsp; ABSOLWENT\u00d3W, kt\u00f3ra&nbsp; odb\u0119dzie si\u0119&nbsp; 23 czerwca 2023 roku &nbsp; o godz. 8:30&nbsp; w amfiteatrze w Go\u015bciejewie.<\/p>\n","protected":false},"author":1,"featured_media":3210,"comment_status":"closed","ping_status":"open","sticky":false,"template":"","format":"standard","meta":{"ngg_post_thumbnail":0,"footnotes":""},"categories":[1],"tags":[],"class_list":["post-3202","post","type-post","status-publish","format-standard","has-post-thumbnail","hentry","category-bez-kategorii"],"_links":{"self":[{"href":"https:\/\/spgosciejewo.pl\/index.php?rest_route=\/wp\/v2\/posts\/3202","targetHints":{"allow":["GET"]}}],"collection":[{"href":"https:\/\/spgosciejewo.pl\/index.php?rest_route=\/wp\/v2\/posts"}],"about":[{"href":"https:\/\/spgosciejewo.pl\/index.php?rest_route=\/wp\/v2\/types\/post"}],"author":[{"embeddable":true,"href":"https:\/\/spgosciejewo.pl\/index.php?rest_route=\/wp\/v2\/users\/1"}],"replies":[{"embeddable":true,"href":"https:\/\/spgosciejewo.pl\/index.php?rest_route=%2Fwp%2Fv2%2Fcomments&post=3202"}],"version-history":[{"count":9,"href":"https:\/\/spgosciejewo.pl\/index.php?rest_route=\/wp\/v2\/posts\/3202\/revisions"}],"predecessor-version":[{"id":3213,"href":"https:\/\/spgosciejewo.pl\/index.php?rest_route=\/wp\/v2\/posts\/3202\/revisions\/3213"}],"wp:featuredmedia":[{"embeddable":true,"href":"https:\/\/spgosciejewo.pl\/index.php?rest_route=\/wp\/v2\/media\/3210"}],"wp:attachment":[{"href":"https:\/\/spgosciejewo.pl\/index.php?rest_route=%2Fwp%2Fv2%2Fmedia&parent=3202"}],"wp:term":[{"taxonomy":"category","embeddable":true,"href":"https:\/\/spgosciejewo.pl\/index.php?rest_route=%2Fwp%2Fv2%2Fcategories&post=3202"},{"taxonomy":"post_tag","embeddable":true,"href":"https:\/\/spgosciejewo.pl\/index.php?rest_route=%2Fwp%2Fv2%2Ftags&post=3202"}],"curies":[{"name":"wp","href":"https:\/\/api.w.org\/{rel}","templated":true}]}}