{"id":3178,"date":"2023-06-20T21:53:07","date_gmt":"2023-06-20T19:53:07","guid":{"rendered":"https:\/\/spgosciejewo.pl\/?p=3178"},"modified":"2023-06-20T21:53:07","modified_gmt":"2023-06-20T19:53:07","slug":"jak-nie-czytam-jak-czytam","status":"publish","type":"post","link":"https:\/\/spgosciejewo.pl\/?p=3178","title":{"rendered":"&#8222;Jak nie czytam, jak czytam\u201d"},"content":{"rendered":"<h3 style=\"text-align: center;\"><span style=\"color: #000000;\"><strong>&#8222;Jak nie czytam, jak czytam\u201d<\/strong><\/span><\/h3>\n<h6 style=\"text-align: center; padding-left: 40px;\"><span>7 czerwca br. uczniowie klas I- III przyst\u0105pili do masowej akcji czytelniczej, kt\u00f3rej pomys\u0142odawc\u0105 i g\u0142\u00f3wnym organizatorem jest redakcja miesi\u0119cznika&nbsp; \u201eBiblioteka w szkole\u201d. Akcja zosta\u0142a zorganizowana pierwszy raz w naszej szkole, by\u0142a bardzo spontaniczna i radosna. Ka\u017cdy z uczni\u00f3w przyni\u00f3s\u0142 swoj\u0105 ulubion\u0105 ksi\u0105\u017ck\u0119 i na \u015bwie\u017cym powietrzu znalaz\u0142 sw\u00f3j spos\u00f3b na czytanie. Jeste\u015bmy bardzo zadowoleni&nbsp;&nbsp; i chcemy koniecznie powt\u00f3rzy\u0107 to za rok.<\/span><\/h6>\nngg_shortcode_0_placeholder\n","protected":false},"excerpt":{"rendered":"<p>&#8222;Jak nie czytam, jak czytam\u201d 7 czerwca br. uczniowie klas I- III przyst\u0105pili do masowej akcji czytelniczej, kt\u00f3rej pomys\u0142odawc\u0105 i g\u0142\u00f3wnym organizatorem jest redakcja miesi\u0119cznika&nbsp; \u201eBiblioteka w szkole\u201d. Akcja zosta\u0142a zorganizowana pierwszy raz w naszej szkole, by\u0142a bardzo spontaniczna i radosna. Ka\u017cdy z uczni\u00f3w przyni\u00f3s\u0142 swoj\u0105 ulubion\u0105 ksi\u0105\u017ck\u0119 i na [&hellip;]<\/p>\n","protected":false},"author":1,"featured_media":3198,"comment_status":"closed","ping_status":"open","sticky":false,"template":"","format":"standard","meta":{"ngg_post_thumbnail":0,"footnotes":""},"categories":[1],"tags":[],"class_list":["post-3178","post","type-post","status-publish","format-standard","has-post-thumbnail","hentry","category-bez-kategorii"],"_links":{"self":[{"href":"https:\/\/spgosciejewo.pl\/index.php?rest_route=\/wp\/v2\/posts\/3178","targetHints":{"allow":["GET"]}}],"collection":[{"href":"https:\/\/spgosciejewo.pl\/index.php?rest_route=\/wp\/v2\/posts"}],"about":[{"href":"https:\/\/spgosciejewo.pl\/index.php?rest_route=\/wp\/v2\/types\/post"}],"author":[{"embeddable":true,"href":"https:\/\/spgosciejewo.pl\/index.php?rest_route=\/wp\/v2\/users\/1"}],"replies":[{"embeddable":true,"href":"https:\/\/spgosciejewo.pl\/index.php?rest_route=%2Fwp%2Fv2%2Fcomments&post=3178"}],"version-history":[{"count":6,"href":"https:\/\/spgosciejewo.pl\/index.php?rest_route=\/wp\/v2\/posts\/3178\/revisions"}],"predecessor-version":[{"id":3199,"href":"https:\/\/spgosciejewo.pl\/index.php?rest_route=\/wp\/v2\/posts\/3178\/revisions\/3199"}],"wp:featuredmedia":[{"embeddable":true,"href":"https:\/\/spgosciejewo.pl\/index.php?rest_route=\/wp\/v2\/media\/3198"}],"wp:attachment":[{"href":"https:\/\/spgosciejewo.pl\/index.php?rest_route=%2Fwp%2Fv2%2Fmedia&parent=3178"}],"wp:term":[{"taxonomy":"category","embeddable":true,"href":"https:\/\/spgosciejewo.pl\/index.php?rest_route=%2Fwp%2Fv2%2Fcategories&post=3178"},{"taxonomy":"post_tag","embeddable":true,"href":"https:\/\/spgosciejewo.pl\/index.php?rest_route=%2Fwp%2Fv2%2Ftags&post=3178"}],"curies":[{"name":"wp","href":"https:\/\/api.w.org\/{rel}","templated":true}]}}