{"id":3115,"date":"2023-06-16T15:38:38","date_gmt":"2023-06-16T13:38:38","guid":{"rendered":"https:\/\/spgosciejewo.pl\/?p=3115"},"modified":"2023-06-17T23:08:02","modified_gmt":"2023-06-17T21:08:02","slug":"opieka-dla-dzieci-w-oddzialach-przedszkolnych","status":"publish","type":"post","link":"https:\/\/spgosciejewo.pl\/?p=3115","title":{"rendered":"Opieka dla dzieci &#8211; dy\u017cur wakacyjny w przedszkolach"},"content":{"rendered":"<h5 style=\"text-align: center;\"><span style=\"color: #000000;\">Zgodnie z Zarz\u0105dzeniem Nr OR.0050.1.78.2023 Burmistrza Rogo\u017ana&nbsp;&nbsp;&nbsp; &nbsp; &nbsp; &nbsp; z dnia 30 marca 2023 r. w czasie wakacji na terenie Gminy Rogo\u017ano zorganizowana b\u0119dzie opieka dla dzieci w&nbsp; nast\u0119puj\u0105cych przedszkolach:<\/span><\/h5>\n<h5 style=\"text-align: center;\"><span style=\"color: #000000;\">&nbsp;&nbsp;&nbsp;&nbsp;&nbsp; 1. Przedszkole nr 2 im. Bajkowy \u015awiat w Rogo\u017anie&nbsp;&nbsp;&nbsp;&nbsp;&nbsp;&nbsp;&nbsp;&nbsp;&nbsp;&nbsp;&nbsp;&nbsp;&nbsp;&nbsp;&nbsp;&nbsp;&nbsp;&nbsp;&nbsp;&nbsp; \u2013 03.07. 2023r. do 20.07.2023r.<\/span><\/h5>\n<h5 style=\"text-align: center;\"><span style=\"color: #000000;\">&nbsp; &nbsp;&nbsp; 2 . Przedszkole&nbsp; nr 1 im. Kubusia Puchatka w Rogo\u017anie&nbsp;&nbsp;&nbsp;&nbsp;&nbsp;&nbsp;&nbsp;&nbsp;&nbsp;&nbsp;&nbsp;&nbsp;&nbsp; \u2013 21.07.2023r. do 09.08.2023r.<\/span><\/h5>\n<h5 style=\"text-align: center;\"><span>&nbsp;&nbsp;&nbsp; <span style=\"color: #000000;\">3<\/span><\/span>.<span style=\"color: #000000;\">Przedszkole S\u0142oneczne Skrzaty w Parkowie&nbsp;&nbsp;&nbsp;&nbsp;&nbsp;&nbsp;&nbsp;&nbsp;&nbsp;&nbsp;&nbsp;&nbsp;&nbsp;&nbsp;&nbsp;&nbsp;&nbsp;&nbsp; &nbsp; &nbsp; &nbsp;&nbsp; \u2013&nbsp;&nbsp;&nbsp; 10.08.2023r. do 31.08.2023r.<\/span><\/h5>\n<h5 style=\"text-align: left;\"><span style=\"color: #000000;\">Informacj\u0119 o zapisy &nbsp;na dy\u017cur wakacyjny prosz\u0119 zg\u0142osi\u0107 do oddzia\u0142u przedszkolnego, do kt\u00f3rego ucz\u0119szcza dziecko od 16.06 do 20.06.2023r. Wniosek o przyj\u0119cie dziecka na dy\u017cur wakacyjny mo\u017cna pobiera\u0107 w przedszkolu lub z BIP \u2013 u przedszkola.<\/span><\/h5>\n<h5 style=\"text-align: left;\"><span style=\"color: #000000;\">W dniach od 20.06 \u2013 26.06.2023r. rodzice zobowi\u0105zani s\u0105 zg\u0142osi\u0107 si\u0119 do przedszkola, do kt\u00f3rego zapisali dziecko na dy\u017cur, w celu podpisania o\u015bwiadczenia o zapoznaniu si\u0119 z regulaminem pobytu dziecka i korzystania z wy\u017cywienia w przedszkolu.<\/span><\/h5>\n<h5 style=\"text-align: center;\"><strong><span style=\"color: #339966;\">Dow\u00f3z dziecka na dy\u017cur wakacyjny we w\u0142asnym zakresie.<\/span><\/strong><\/h5>\n<h3 style=\"text-align: center;\"><span style=\"color: #0000ff;\"><a href=\"https:\/\/spgosciejewo.pl\/wp-content\/uploads\/2023\/06\/Wniosek-o-przyjecie-dziecka-na-dyzur-wakacyjny.doc\" style=\"color: #0000ff;\">Wniosek o przyj\u0119cie dziecka na dy\u017cur wakacyjny&nbsp; &lt;&lt;pobierz&gt;&gt;<\/a><\/span><\/h3>\n","protected":false},"excerpt":{"rendered":"<p>Zgodnie z Zarz\u0105dzeniem Nr OR.0050.1.78.2023 Burmistrza Rogo\u017ana&nbsp;&nbsp;&nbsp; &nbsp; &nbsp; &nbsp; z dnia 30 marca 2023 r. w czasie wakacji na terenie Gminy Rogo\u017ano zorganizowana b\u0119dzie opieka dla dzieci w&nbsp; nast\u0119puj\u0105cych przedszkolach: &nbsp;&nbsp;&nbsp;&nbsp;&nbsp; 1. Przedszkole nr 2 im. Bajkowy \u015awiat w Rogo\u017anie&nbsp;&nbsp;&nbsp;&nbsp;&nbsp;&nbsp;&nbsp;&nbsp;&nbsp;&nbsp;&nbsp;&nbsp;&nbsp;&nbsp;&nbsp;&nbsp;&nbsp;&nbsp;&nbsp;&nbsp; \u2013 03.07. 2023r. do 20.07.2023r. &nbsp; &nbsp;&nbsp; 2 . [&hellip;]<\/p>\n","protected":false},"author":1,"featured_media":3133,"comment_status":"closed","ping_status":"open","sticky":false,"template":"","format":"standard","meta":{"ngg_post_thumbnail":0,"footnotes":""},"categories":[1],"tags":[],"class_list":["post-3115","post","type-post","status-publish","format-standard","has-post-thumbnail","hentry","category-bez-kategorii"],"_links":{"self":[{"href":"https:\/\/spgosciejewo.pl\/index.php?rest_route=\/wp\/v2\/posts\/3115","targetHints":{"allow":["GET"]}}],"collection":[{"href":"https:\/\/spgosciejewo.pl\/index.php?rest_route=\/wp\/v2\/posts"}],"about":[{"href":"https:\/\/spgosciejewo.pl\/index.php?rest_route=\/wp\/v2\/types\/post"}],"author":[{"embeddable":true,"href":"https:\/\/spgosciejewo.pl\/index.php?rest_route=\/wp\/v2\/users\/1"}],"replies":[{"embeddable":true,"href":"https:\/\/spgosciejewo.pl\/index.php?rest_route=%2Fwp%2Fv2%2Fcomments&post=3115"}],"version-history":[{"count":11,"href":"https:\/\/spgosciejewo.pl\/index.php?rest_route=\/wp\/v2\/posts\/3115\/revisions"}],"predecessor-version":[{"id":3135,"href":"https:\/\/spgosciejewo.pl\/index.php?rest_route=\/wp\/v2\/posts\/3115\/revisions\/3135"}],"wp:featuredmedia":[{"embeddable":true,"href":"https:\/\/spgosciejewo.pl\/index.php?rest_route=\/wp\/v2\/media\/3133"}],"wp:attachment":[{"href":"https:\/\/spgosciejewo.pl\/index.php?rest_route=%2Fwp%2Fv2%2Fmedia&parent=3115"}],"wp:term":[{"taxonomy":"category","embeddable":true,"href":"https:\/\/spgosciejewo.pl\/index.php?rest_route=%2Fwp%2Fv2%2Fcategories&post=3115"},{"taxonomy":"post_tag","embeddable":true,"href":"https:\/\/spgosciejewo.pl\/index.php?rest_route=%2Fwp%2Fv2%2Ftags&post=3115"}],"curies":[{"name":"wp","href":"https:\/\/api.w.org\/{rel}","templated":true}]}}