{"id":3043,"date":"2023-06-06T08:41:34","date_gmt":"2023-06-06T06:41:34","guid":{"rendered":"https:\/\/spgosciejewo.pl\/?p=3043"},"modified":"2023-06-22T12:33:43","modified_gmt":"2023-06-22T10:33:43","slug":"dzien-dziecka","status":"publish","type":"post","link":"https:\/\/spgosciejewo.pl\/?p=3043","title":{"rendered":":) :) :) DZIE\u0143 DZIECKA, DZIE\u0143 SPORTU :) :) :)"},"content":{"rendered":"<p style=\"text-align: center;\"><strong><span style=\"color: #000000;\">Dzie\u0144 Dziecka, Dzie\u0144 sportu<\/span><\/strong><\/p>\n<p style=\"text-align: center;\"><span style=\"color: #000000;\">1 czerwca 2023r. nauczyciele wychowania fizycznego zorganizowali tradycyjnie Dzie\u0144 Dziecka i Dzie\u0144 Sportu. Tegoroczna impreza &nbsp;odby\u0142a si\u0119 pod has\u0142em \u201eSportowa Europa\u201d. Uczniowie przyszli ubrani w stroje sportowe znanych pi\u0142karzy z klub\u00f3w europejskich. Dzie\u0144 rozpocz\u0119li\u015bmy wsp\u00f3ln\u0105 rozgrzewk\u0105. Nast\u0119pnie ka\u017cda klasa mia\u0142a do wykonania 8 konkurencji sportowych, sprawdzaj\u0105cych zar\u00f3wno szybko\u015b\u0107, zwinno\u015b\u0107, celno\u015b\u0107 oraz skoczno\u015b\u0107. Podczas przerwy \u015bniadaniowej dzieci otrzyma\u0142y s\u0142odko\u015bci zakupione przez Rad\u0119 Rodzic\u00f3w. Ale to nie by\u0142 koniec niespodzianek. Przedstawiciele Rady Rodzic\u00f3w wr\u0119czyli uczniom ufundowany sprz\u0119t sportowy w kwocie 4 tysi\u0119cy z\u0142otych, kt\u00f3ry pozwoli na uatrakcyjnienie zaj\u0119\u0107 wychowania fizycznego. W mi\u0119dzyczasie w kuchni sporz\u0105dzono&nbsp; dla wszystkich gofry, kt\u00f3rych przygotowaniem zaj\u0119\u0142a si\u0119 pani&nbsp; Anna &nbsp;Nochowicz. W dalszej kolejno\u015bci odby\u0142y si\u0119 4 konkurencje w kt\u00f3rych rywalizowali ch\u0142opcy i dziewcz\u0119ta kontra nauczyciele i rodzice. Wsp\u00f3\u0142zawodnictwu towarzyszy\u0142o wiele emocji i pozytywnych wra\u017ce\u0144. Podczas apelu zosta\u0142y wr\u0119czone medale oraz dyplomy dla najlepszych zawodnik\u00f3w Turnieju Tenisa Sto\u0142owego, zorganizowanego dla uczni\u00f3w klas IV-VIII. Na koniec imprezy zata\u0144czyli\u015bmy wsp\u00f3lnie &nbsp;\u201eBelgijk\u0119\u201d oraz \u201eChocolate\u201d. Dzi\u0119kujemy wszystkim za dobr\u0105 zabaw\u0119 i mile sp\u0119dzony czas.<\/span><\/p>\n<p>&nbsp;<\/p>\n<p>&nbsp;<\/p>\nngg_shortcode_0_placeholder\n","protected":false},"excerpt":{"rendered":"<p>Dzie\u0144 Dziecka, Dzie\u0144 sportu 1 czerwca 2023r. nauczyciele wychowania fizycznego zorganizowali tradycyjnie Dzie\u0144 Dziecka i Dzie\u0144 Sportu. Tegoroczna impreza &nbsp;odby\u0142a si\u0119 pod has\u0142em \u201eSportowa Europa\u201d. Uczniowie przyszli ubrani w stroje sportowe znanych pi\u0142karzy z klub\u00f3w europejskich. Dzie\u0144 rozpocz\u0119li\u015bmy wsp\u00f3ln\u0105 rozgrzewk\u0105. Nast\u0119pnie ka\u017cda klasa mia\u0142a do wykonania 8 konkurencji sportowych, sprawdzaj\u0105cych [&hellip;]<\/p>\n","protected":false},"author":1,"featured_media":3074,"comment_status":"closed","ping_status":"open","sticky":false,"template":"","format":"standard","meta":{"ngg_post_thumbnail":0,"footnotes":""},"categories":[1],"tags":[],"class_list":["post-3043","post","type-post","status-publish","format-standard","has-post-thumbnail","hentry","category-bez-kategorii"],"_links":{"self":[{"href":"https:\/\/spgosciejewo.pl\/index.php?rest_route=\/wp\/v2\/posts\/3043","targetHints":{"allow":["GET"]}}],"collection":[{"href":"https:\/\/spgosciejewo.pl\/index.php?rest_route=\/wp\/v2\/posts"}],"about":[{"href":"https:\/\/spgosciejewo.pl\/index.php?rest_route=\/wp\/v2\/types\/post"}],"author":[{"embeddable":true,"href":"https:\/\/spgosciejewo.pl\/index.php?rest_route=\/wp\/v2\/users\/1"}],"replies":[{"embeddable":true,"href":"https:\/\/spgosciejewo.pl\/index.php?rest_route=%2Fwp%2Fv2%2Fcomments&post=3043"}],"version-history":[{"count":4,"href":"https:\/\/spgosciejewo.pl\/index.php?rest_route=\/wp\/v2\/posts\/3043\/revisions"}],"predecessor-version":[{"id":3214,"href":"https:\/\/spgosciejewo.pl\/index.php?rest_route=\/wp\/v2\/posts\/3043\/revisions\/3214"}],"wp:featuredmedia":[{"embeddable":true,"href":"https:\/\/spgosciejewo.pl\/index.php?rest_route=\/wp\/v2\/media\/3074"}],"wp:attachment":[{"href":"https:\/\/spgosciejewo.pl\/index.php?rest_route=%2Fwp%2Fv2%2Fmedia&parent=3043"}],"wp:term":[{"taxonomy":"category","embeddable":true,"href":"https:\/\/spgosciejewo.pl\/index.php?rest_route=%2Fwp%2Fv2%2Fcategories&post=3043"},{"taxonomy":"post_tag","embeddable":true,"href":"https:\/\/spgosciejewo.pl\/index.php?rest_route=%2Fwp%2Fv2%2Ftags&post=3043"}],"curies":[{"name":"wp","href":"https:\/\/api.w.org\/{rel}","templated":true}]}}