{"id":2926,"date":"2023-05-29T10:34:12","date_gmt":"2023-05-29T08:34:12","guid":{"rendered":"https:\/\/spgosciejewo.pl\/?p=2926"},"modified":"2023-05-29T11:25:24","modified_gmt":"2023-05-29T09:25:24","slug":"uroczystosci-zwiazane-z-wywozkami-na-sybir-oraz-zbrodnia-katynska-gminny-konkurs-plastyczny-sybiracy","status":"publish","type":"post","link":"https:\/\/spgosciejewo.pl\/?p=2926","title":{"rendered":"Uroczysto\u015bci zwi\u0105zane z wyw\u00f3zkami na Sybir oraz zbrodni\u0105 katy\u0144sk\u0105.\u00a0Gminny Konkurs Plastyczny \u201eSybiracy\u201d"},"content":{"rendered":"<p>&nbsp;<\/p>\n<p style=\"text-align: center;\"><span style=\"color: #000000;\"><strong>Uroczysto\u015bci zwi\u0105zane z wyw\u00f3zkami na Sybir oraz zbrodni\u0105 katy\u0144sk\u0105.&nbsp; &nbsp; &nbsp; &nbsp; &nbsp; &nbsp; &nbsp; &nbsp; &nbsp; &nbsp; &nbsp; &nbsp; &nbsp; &nbsp; Gminny Konkurs Plastyczny \u201eSybiracy\u201d<\/strong><\/span><\/p>\n<p style=\"text-align: center;\">13 kwietnia to pami\u0119tna data dla Sybirak\u00f3w. Tego dnia w 1940 roku odby\u0142a si\u0119 kolejna, druga deportacja. Deportacja kwietniowa, kt\u00f3ra w swym zakresie dotkn\u0119\u0142a ponad 60 tysi\u0119cy ludzi,&nbsp; &nbsp; &nbsp; &nbsp;z czego 80% ca\u0142o\u015bci transport\u00f3w stanowi\u0142y kobiety i dzieci.<\/p>\n<p style=\"text-align: center;\">Ta wyw\u00f3zka zwi\u0105zana by\u0142a z innym, niezwykle dramatycznym punktem na mapie sowieckiego terroru \u2013 rozstrzelaniem blisko 22 tysi\u0119cy obywateli polskich \u2013 okre\u015blanym powszechnie mianem zbrodni katy\u0144skiej.<\/p>\n<p style=\"text-align: center;\">Ponad 80 lat p\u00f3\u017aniej spotkali\u015bmy si\u0119 na placu Jana Paw\u0142a II pod symboliczn\u0105 mogi\u0142\u0105 upami\u0119tniaj\u0105c\u0105 ofiary tamtych zbrodni i zsy\u0142ek. Po uroczystej mszy \u015bwi\u0119tej w intencji Sybirak\u00f3w oddano ho\u0142d sk\u0142adaj\u0105c symboliczne znicze i wi\u0105zanki kwiat\u00f3w.<\/p>\n<p style=\"text-align: center;\">Prezes Ko\u0142a Zwi\u0105zku Sybirak\u00f3w pan W\u0142odzimierz Sad\u0142owski w okoliczno\u015bciowym przem\u00f3wieniu pod pomnikiem upami\u0119tniaj\u0105cym Ofiary Sybiru i Katynia m\u00f3wi\u0142 o upami\u0119tnianiu historii naszych najbli\u017cszych i wszystkich tych, kt\u00f3rych zabra\u0142a ta \u201enieludzka ziemia\u201d..<\/p>\n<p style=\"text-align: center;\">Dalsza cz\u0119\u015b\u0107 uroczysto\u015bci odby\u0142a si\u0119 w sali Rogozi\u0144skiego Centrum Kultury, gdzie m.in. okoliczno\u015bciowe wyst\u0105pienie burmistrza Romana Szuberskiego poprzedzi\u0142o cz\u0119\u015b\u0107 artystyczn\u0105 w wykonaniu m\u0142odzie\u017cy z Zespo\u0142u Szk\u00f3\u0142 im. H. Cegielskiego, a &nbsp;pan Ryszard Torzy\u0144ski cz\u0142onek Prezydium ZKRPiBWP Oddzia\u0142 Wielkopolska wr\u0119czy\u0142 prezesowi Ko\u0142a Sybirak\u00f3w \u201eKombatancki Certyfikat Pami\u0119ci\u201d w uznaniu dotychczasowej wsp\u00f3\u0142pracy i w podzi\u0119kowaniu za krzewienie&nbsp; &nbsp; &nbsp; &nbsp;i utrwalanie pami\u0119ci o ludziach i ich czynach w walce o niepodleg\u0142o\u015b\u0107 Polski.<\/p>\n<p style=\"text-align: center;\">Na koniec uroczysto\u015bci &nbsp;zwi\u0105zanych z obchodami 83 rocznicy masowej deportacji Polak\u00f3w na Syberi\u0119, odby\u0142o si\u0119 <strong>wr\u0119czenie nagr\u00f3d laureatom Gminnego Konkursu Plastycznego ,,Sybiracy\u201d.<\/strong> Konkurs zorganizowany by\u0142 pod patronatem Burmistrza Rogo\u017ana przez Zwi\u0105zek Sybirak\u00f3w Oddzia\u0142 Rogo\u017ano \u2013 W\u0105growiec. Celem konkursu by\u0142o zapoznanie dzieci i m\u0142odzie\u017cy z losami polskich bohater\u00f3w \u2013 Zes\u0142a\u0144c\u00f3w Sybiru, kt\u00f3rzy zapisali si\u0119 w dziejach naszej Ojczyzny swoim m\u0119cze\u0144stwem, wierno\u015bci\u0105 do tradycji i patriotyczn\u0105 postaw\u0105. Przepi\u0119kne prace uczni\u00f3w zosta\u0142y wyeksponowane w postaci wystawy w sali widowiskowej&nbsp; RCK. Zebrani na uroczysto\u015bci go\u015bcie oraz nauczyciele, uczniowie i rodzice mieli okazj\u0119 podziwia\u0107 talenty plastyczne uczni\u00f3w z naszej gminy.<\/p>\n<p style=\"text-align: center;\">&nbsp;W\u015br\u00f3d laureat\u00f3w konkursu znalaz\u0142y si\u0119 r\u00f3wnie\u017c uczennice naszej szko\u0142y.<\/p>\n<p style=\"text-align: center;\"><span style=\"color: #000000;\"><strong>Serdecznie gratulujemy Marcie Jab\u0142o\u0144skiej \u2013 uczennicy klasy V , kt\u00f3ra zaj\u0119\u0142a I miejsce w kategorii klas IV-VIII oraz Patrycji Pilarskiej z klasy V i&nbsp; Alicji Kowalskiej&nbsp; z klasy VI,&nbsp; kt\u00f3re&nbsp; otrzyma\u0142y&nbsp; wyr\u00f3\u017cnienia.<\/strong><\/span><\/p>\n<h6 style=\"text-align: center;\"><span style=\"color: #000000;\">Dzi\u0119kujemy wszystkim uczniom, kt\u00f3rzy wykonali prace plastyczne i w\u0142\u0105czyli si\u0119 do udzia\u0142u w konkursie.&nbsp; &nbsp;<\/span><\/h6>\nngg_shortcode_0_placeholder\n","protected":false},"excerpt":{"rendered":"<p>&nbsp; Uroczysto\u015bci zwi\u0105zane z wyw\u00f3zkami na Sybir oraz zbrodni\u0105 katy\u0144sk\u0105.&nbsp; &nbsp; &nbsp; &nbsp; &nbsp; &nbsp; &nbsp; &nbsp; &nbsp; &nbsp; &nbsp; &nbsp; &nbsp; &nbsp; Gminny Konkurs Plastyczny \u201eSybiracy\u201d 13 kwietnia to pami\u0119tna data dla Sybirak\u00f3w. Tego dnia w 1940 roku odby\u0142a si\u0119 kolejna, druga deportacja. Deportacja kwietniowa, kt\u00f3ra w swym zakresie [&hellip;]<\/p>\n","protected":false},"author":1,"featured_media":2982,"comment_status":"closed","ping_status":"open","sticky":false,"template":"","format":"standard","meta":{"ngg_post_thumbnail":0,"footnotes":""},"categories":[1],"tags":[],"class_list":["post-2926","post","type-post","status-publish","format-standard","has-post-thumbnail","hentry","category-bez-kategorii"],"_links":{"self":[{"href":"https:\/\/spgosciejewo.pl\/index.php?rest_route=\/wp\/v2\/posts\/2926","targetHints":{"allow":["GET"]}}],"collection":[{"href":"https:\/\/spgosciejewo.pl\/index.php?rest_route=\/wp\/v2\/posts"}],"about":[{"href":"https:\/\/spgosciejewo.pl\/index.php?rest_route=\/wp\/v2\/types\/post"}],"author":[{"embeddable":true,"href":"https:\/\/spgosciejewo.pl\/index.php?rest_route=\/wp\/v2\/users\/1"}],"replies":[{"embeddable":true,"href":"https:\/\/spgosciejewo.pl\/index.php?rest_route=%2Fwp%2Fv2%2Fcomments&post=2926"}],"version-history":[{"count":36,"href":"https:\/\/spgosciejewo.pl\/index.php?rest_route=\/wp\/v2\/posts\/2926\/revisions"}],"predecessor-version":[{"id":2981,"href":"https:\/\/spgosciejewo.pl\/index.php?rest_route=\/wp\/v2\/posts\/2926\/revisions\/2981"}],"wp:featuredmedia":[{"embeddable":true,"href":"https:\/\/spgosciejewo.pl\/index.php?rest_route=\/wp\/v2\/media\/2982"}],"wp:attachment":[{"href":"https:\/\/spgosciejewo.pl\/index.php?rest_route=%2Fwp%2Fv2%2Fmedia&parent=2926"}],"wp:term":[{"taxonomy":"category","embeddable":true,"href":"https:\/\/spgosciejewo.pl\/index.php?rest_route=%2Fwp%2Fv2%2Fcategories&post=2926"},{"taxonomy":"post_tag","embeddable":true,"href":"https:\/\/spgosciejewo.pl\/index.php?rest_route=%2Fwp%2Fv2%2Ftags&post=2926"}],"curies":[{"name":"wp","href":"https:\/\/api.w.org\/{rel}","templated":true}]}}