{"id":2848,"date":"2023-05-29T08:37:52","date_gmt":"2023-05-29T06:37:52","guid":{"rendered":"https:\/\/spgosciejewo.pl\/?p=2848"},"modified":"2023-05-29T10:08:38","modified_gmt":"2023-05-29T08:08:38","slug":"gminny-konkurs-plastyczny-wojciecha-dudkiewicz-zycie-i-dzielo","status":"publish","type":"post","link":"https:\/\/spgosciejewo.pl\/?p=2848","title":{"rendered":"Gminny Konkurs Plastyczny \u201eWojciecha Dudkiewicz \u2013 \u017cycie i dzie\u0142o\u201d"},"content":{"rendered":"<h6 style=\"text-align: center;\"><span style=\"color: #000000;\"><strong>Gminny Konkurs Plastyczny \u201eWojciecha Dudkiewicz \u2013 \u017cycie i dzie\u0142o\u201d<\/strong><\/span><\/h6>\n<h6 style=\"text-align: center;\">Dnia 3 maja 2023r. na Placu Karola Marcinkowskiego w Rogo\u017anie odby\u0142a si\u0119 uroczysto\u015b\u0107 zwi\u0105zana z obchodami 232 rocznicy Uchwalenia Konstytucji 3 Maja. Zebrani od\u015bpiewali hymn pa\u0144stwowy, odegrano hejna\u0142 Rogo\u017ana, po czym glos zabra\u0142 Burmistrz Rogo\u017ana Roman Szuberski, kt\u00f3ry w swoim wyst\u0105pieniu wspomnia\u0142 o Powstaniu Wielkopolskim oraz przedstawi\u0142 posta\u0107 patronki i tw\u00f3rcy Rogozi\u0144skiego muzeum \u2013 Wojciechy Dudkiewicz, nauczycielki, a w czasie powstania sanitariuszki w szpitalu wojskowym, kt\u00f3ry mie\u015bci\u0142 si\u0119 w budynku dawnego Seminarium Nauczycielskiego, obecnie ZS im. Hipolita Cegielskiego.<\/h6>\n<h6 style=\"text-align: center;\">W zwi\u0105zku z 32 rocznic\u0105 nadania rogozi\u0144skiemu muzeum imienia Wojciechy Dudkiewicz rogozi\u0144scy regionali\u015bci rozpocz\u0119li dzia\u0142ania przypaminaj\u0105ce posta\u0107 Pani Aty. Jednym z tych dzia\u0142a\u0144 by\u0142o og\u0142oszenie&nbsp; w\u015br\u00f3d uczni\u00f3w Gminy <strong><span style=\"color: #000000;\">Rogo\u017ano konkursu plastycznego pt. \u201eWojciecha Dudkiewicz \u2013 \u017cycie i dzie\u0142o\u201d<\/span> .<\/strong> Najciekawsze prace, nagrodzone i wyr\u00f3\u017cnione wystawione zosta\u0142y w postaci ekspozycji przed muzeum.Wszyscy obecni na uroczysto\u015bci oraz mieszka\u0144cy Rogo\u017ana mogli podziwia\u0107 pi\u0119kne i r\u00f3\u017cnorodne prace uczni\u00f3w w\u015br\u00f3d kt\u00f3rych znalaz\u0142y si\u0119 <strong>prace <span style=\"color: #000000;\">Zuzanny Piechowiak z klasy III oraz Marty Jab\u0142o\u0144skiej z klasy V. Dziewczynki otrzyma\u0142y wyr\u00f3\u017cnienie w opisanym wy\u017cej konkursie.<\/span><\/strong>W zwi\u0105zku z konkursem uczniowie klasy V wraz z wychowawc\u0105 Wac\u0142aw\u0105 Olendersk\u0105i rodzicami w jed\u0105 z minionych niedziel zwiedzili muzeum, ze szczeg\u00f3lnym uwzgl\u0119dnieniem wystawy zwi\u0105zanej z Pani\u0105 Wojciech\u0105 Dudkiewicz.<\/h6>\n<p>&nbsp;<\/p>\nngg_shortcode_0_placeholder\n","protected":false},"excerpt":{"rendered":"<p>Gminny Konkurs Plastyczny \u201eWojciecha Dudkiewicz \u2013 \u017cycie i dzie\u0142o\u201d Dnia 3 maja 2023r. na Placu Karola Marcinkowskiego w Rogo\u017anie odby\u0142a si\u0119 uroczysto\u015b\u0107 zwi\u0105zana z obchodami 232 rocznicy Uchwalenia Konstytucji 3 Maja. Zebrani od\u015bpiewali hymn pa\u0144stwowy, odegrano hejna\u0142 Rogo\u017ana, po czym glos zabra\u0142 Burmistrz Rogo\u017ana Roman Szuberski, kt\u00f3ry w swoim wyst\u0105pieniu [&hellip;]<\/p>\n","protected":false},"author":1,"featured_media":2870,"comment_status":"closed","ping_status":"open","sticky":false,"template":"","format":"standard","meta":{"ngg_post_thumbnail":0,"footnotes":""},"categories":[1],"tags":[],"class_list":["post-2848","post","type-post","status-publish","format-standard","has-post-thumbnail","hentry","category-bez-kategorii"],"_links":{"self":[{"href":"https:\/\/spgosciejewo.pl\/index.php?rest_route=\/wp\/v2\/posts\/2848","targetHints":{"allow":["GET"]}}],"collection":[{"href":"https:\/\/spgosciejewo.pl\/index.php?rest_route=\/wp\/v2\/posts"}],"about":[{"href":"https:\/\/spgosciejewo.pl\/index.php?rest_route=\/wp\/v2\/types\/post"}],"author":[{"embeddable":true,"href":"https:\/\/spgosciejewo.pl\/index.php?rest_route=\/wp\/v2\/users\/1"}],"replies":[{"embeddable":true,"href":"https:\/\/spgosciejewo.pl\/index.php?rest_route=%2Fwp%2Fv2%2Fcomments&post=2848"}],"version-history":[{"count":13,"href":"https:\/\/spgosciejewo.pl\/index.php?rest_route=\/wp\/v2\/posts\/2848\/revisions"}],"predecessor-version":[{"id":2919,"href":"https:\/\/spgosciejewo.pl\/index.php?rest_route=\/wp\/v2\/posts\/2848\/revisions\/2919"}],"wp:featuredmedia":[{"embeddable":true,"href":"https:\/\/spgosciejewo.pl\/index.php?rest_route=\/wp\/v2\/media\/2870"}],"wp:attachment":[{"href":"https:\/\/spgosciejewo.pl\/index.php?rest_route=%2Fwp%2Fv2%2Fmedia&parent=2848"}],"wp:term":[{"taxonomy":"category","embeddable":true,"href":"https:\/\/spgosciejewo.pl\/index.php?rest_route=%2Fwp%2Fv2%2Fcategories&post=2848"},{"taxonomy":"post_tag","embeddable":true,"href":"https:\/\/spgosciejewo.pl\/index.php?rest_route=%2Fwp%2Fv2%2Ftags&post=2848"}],"curies":[{"name":"wp","href":"https:\/\/api.w.org\/{rel}","templated":true}]}}