{"id":2767,"date":"2023-05-05T08:38:14","date_gmt":"2023-05-05T06:38:14","guid":{"rendered":"https:\/\/spgosciejewo.pl\/?p=2767"},"modified":"2023-05-05T08:39:55","modified_gmt":"2023-05-05T06:39:55","slug":"obchody-232-rocznicy-uchwalenia-konstytucji-3-maja-w-rogoznie","status":"publish","type":"post","link":"https:\/\/spgosciejewo.pl\/?p=2767","title":{"rendered":"Uroczyste Obchody 232 rocznicy uchwalenia Konstytucji 3 Maja w Rogo\u017anie"},"content":{"rendered":"<h5 style=\"text-align: left;\"><span style=\"color: #000000;\">&nbsp;<strong>3.05.2023r. odby\u0142y si\u0119 uroczyste obchody 232 rocznicy uchwalenie Konstytucji 3 Maja w Rogo\u017anie.<\/strong><\/span><\/h5>\n<h5 style=\"text-align: left;\"><strong><span style=\"color: #000000;\"> Wydarzenie rozpocz\u0119\u0142o si\u0119 tradycyjnie msz\u0105 \u015bwi\u0119t\u0105 w intencji Ojczyzny w Ko\u015bciele pw. Ducha \u015awi\u0119tego oraz przemarszem delegacji i poczt\u00f3w sztandarowych na Plac Karola Marcinkowskiego.<\/span><\/strong><\/h5>\n<h5 style=\"text-align: left;\"><strong><span style=\"color: #000000;\">Po oficjalnym otwarciu uroczysto\u015bci mia\u0142y miejsce wyst\u0119py artystyczne oraz rozstrzygni\u0119cie konkursu &#8222;Wojciecha Dutkiewicza-\u017cycie i dzie\u0142o&#8221;.<\/span><\/strong><\/h5>\n<h5 style=\"text-align: left;\"><\/h5>\n<h5 style=\"text-align: left;\"><\/h5>\nngg_shortcode_0_placeholder\n<p>&nbsp;<\/p>\n","protected":false},"excerpt":{"rendered":"<p>&nbsp;3.05.2023r. odby\u0142y si\u0119 uroczyste obchody 232 rocznicy uchwalenie Konstytucji 3 Maja w Rogo\u017anie. Wydarzenie rozpocz\u0119\u0142o si\u0119 tradycyjnie msz\u0105 \u015bwi\u0119t\u0105 w intencji Ojczyzny w Ko\u015bciele pw. Ducha \u015awi\u0119tego oraz przemarszem delegacji i poczt\u00f3w sztandarowych na Plac Karola Marcinkowskiego. Po oficjalnym otwarciu uroczysto\u015bci mia\u0142y miejsce wyst\u0119py artystyczne oraz rozstrzygni\u0119cie konkursu &#8222;Wojciecha Dutkiewicza-\u017cycie [&hellip;]<\/p>\n","protected":false},"author":1,"featured_media":2783,"comment_status":"closed","ping_status":"open","sticky":false,"template":"","format":"standard","meta":{"ngg_post_thumbnail":0,"footnotes":""},"categories":[1],"tags":[],"class_list":["post-2767","post","type-post","status-publish","format-standard","has-post-thumbnail","hentry","category-bez-kategorii"],"_links":{"self":[{"href":"https:\/\/spgosciejewo.pl\/index.php?rest_route=\/wp\/v2\/posts\/2767","targetHints":{"allow":["GET"]}}],"collection":[{"href":"https:\/\/spgosciejewo.pl\/index.php?rest_route=\/wp\/v2\/posts"}],"about":[{"href":"https:\/\/spgosciejewo.pl\/index.php?rest_route=\/wp\/v2\/types\/post"}],"author":[{"embeddable":true,"href":"https:\/\/spgosciejewo.pl\/index.php?rest_route=\/wp\/v2\/users\/1"}],"replies":[{"embeddable":true,"href":"https:\/\/spgosciejewo.pl\/index.php?rest_route=%2Fwp%2Fv2%2Fcomments&post=2767"}],"version-history":[{"count":4,"href":"https:\/\/spgosciejewo.pl\/index.php?rest_route=\/wp\/v2\/posts\/2767\/revisions"}],"predecessor-version":[{"id":2784,"href":"https:\/\/spgosciejewo.pl\/index.php?rest_route=\/wp\/v2\/posts\/2767\/revisions\/2784"}],"wp:featuredmedia":[{"embeddable":true,"href":"https:\/\/spgosciejewo.pl\/index.php?rest_route=\/wp\/v2\/media\/2783"}],"wp:attachment":[{"href":"https:\/\/spgosciejewo.pl\/index.php?rest_route=%2Fwp%2Fv2%2Fmedia&parent=2767"}],"wp:term":[{"taxonomy":"category","embeddable":true,"href":"https:\/\/spgosciejewo.pl\/index.php?rest_route=%2Fwp%2Fv2%2Fcategories&post=2767"},{"taxonomy":"post_tag","embeddable":true,"href":"https:\/\/spgosciejewo.pl\/index.php?rest_route=%2Fwp%2Fv2%2Ftags&post=2767"}],"curies":[{"name":"wp","href":"https:\/\/api.w.org\/{rel}","templated":true}]}}