{"id":2574,"date":"2023-03-01T11:11:07","date_gmt":"2023-03-01T10:11:07","guid":{"rendered":"https:\/\/spgosciejewo.pl\/?p=2574"},"modified":"2023-03-01T11:11:07","modified_gmt":"2023-03-01T10:11:07","slug":"26-lutego-2023r-muzeum-regionalne-im-wojciechy-dudkiewicz-w-rogoznie","status":"publish","type":"post","link":"https:\/\/spgosciejewo.pl\/?p=2574","title":{"rendered":"26 lutego 2023r. Muzeum Regionalne im. Wojciechy Dudkiewicz w Rogo\u017anie"},"content":{"rendered":"<p>&nbsp;<\/p>\n<p style=\"text-align: left;\">&nbsp; <span style=\"color: #000000;\">&nbsp; &nbsp; W niedziel\u0119 26 lutego 2023r. uczniowie klasy pi\u0105tej wraz z rodzicami, opiekunami i wychowawczyni\u0105 p. Olendersk\u0105 zwiedzali Muzeum Regionalne im. Wojciechy Dudkiewicz w Rogo\u017anie. Niezwyk\u0142e wra\u017cenie zrobi\u0142a Izba etnograficzna multimedialna i ciekawe opowiadanie p. Ma\u0142gorzaty Skwisz. Uczniowie obejrzeli te\u017c wystaw\u0119 historyczn\u0105 pod kierunkiem p. Angeliki Pilarskiej, kt\u00f3ra przekaza\u0142a szeroki wachlarz informacji historycznych, ze szczeg\u00f3lnym uwzgl\u0119dnieniem izby pami\u0119ci p.Wojciechy Dudkiewicz. Na koniec uczniowie obejrzeli wystaw\u0119 przyrodnicz\u0105.<\/span><\/p>\n<p style=\"text-align: left;\"><span style=\"color: #000000;\">Niedzielna wyprawa do muzeum zwi\u0105zana by\u0142 z konkursem plastycznym dla uczni\u00f3w szk\u00f3\u0142 podstawowych pt. \u201eWOJCIECHA DUDKIEWICZ \u2013 \u017cycie i dzie\u0142o\u201d zorganizowanym przez Towarzystwo Przyjaci\u00f3\u0142 Rogo\u017ana i Stowarzyszenie \u201eBaranek\u201d pod patronatem Burmistrza Rogo\u017ana.<\/span><\/p>\n<p style=\"text-align: left;\"><span style=\"color: #000000;\">Uczniowie klasy pi\u0105tej b\u0119d\u0105 brali udzia\u0142 w w\/w konkursie , dlatego chcieli lepiej pozna\u0107 posta\u0107 niezwyk\u0142ej Rogo\u017anianki Pani Wojciechy Dudkiewicz.<\/span><\/p>\n<p style=\"text-align: left;\">\nngg_shortcode_0_placeholder\n<p style=\"text-align: center;\">\n","protected":false},"excerpt":{"rendered":"<p>&nbsp; &nbsp; &nbsp; &nbsp; W niedziel\u0119 26 lutego 2023r. uczniowie klasy pi\u0105tej wraz z rodzicami, opiekunami i wychowawczyni\u0105 p. Olendersk\u0105 zwiedzali Muzeum Regionalne im. Wojciechy Dudkiewicz w Rogo\u017anie. Niezwyk\u0142e wra\u017cenie zrobi\u0142a Izba etnograficzna multimedialna i ciekawe opowiadanie p. Ma\u0142gorzaty Skwisz. Uczniowie obejrzeli te\u017c wystaw\u0119 historyczn\u0105 pod kierunkiem p. Angeliki Pilarskiej, [&hellip;]<\/p>\n","protected":false},"author":1,"featured_media":2585,"comment_status":"closed","ping_status":"open","sticky":false,"template":"","format":"standard","meta":{"ngg_post_thumbnail":0,"footnotes":""},"categories":[1],"tags":[],"class_list":["post-2574","post","type-post","status-publish","format-standard","has-post-thumbnail","hentry","category-bez-kategorii"],"_links":{"self":[{"href":"https:\/\/spgosciejewo.pl\/index.php?rest_route=\/wp\/v2\/posts\/2574","targetHints":{"allow":["GET"]}}],"collection":[{"href":"https:\/\/spgosciejewo.pl\/index.php?rest_route=\/wp\/v2\/posts"}],"about":[{"href":"https:\/\/spgosciejewo.pl\/index.php?rest_route=\/wp\/v2\/types\/post"}],"author":[{"embeddable":true,"href":"https:\/\/spgosciejewo.pl\/index.php?rest_route=\/wp\/v2\/users\/1"}],"replies":[{"embeddable":true,"href":"https:\/\/spgosciejewo.pl\/index.php?rest_route=%2Fwp%2Fv2%2Fcomments&post=2574"}],"version-history":[{"count":2,"href":"https:\/\/spgosciejewo.pl\/index.php?rest_route=\/wp\/v2\/posts\/2574\/revisions"}],"predecessor-version":[{"id":2587,"href":"https:\/\/spgosciejewo.pl\/index.php?rest_route=\/wp\/v2\/posts\/2574\/revisions\/2587"}],"wp:featuredmedia":[{"embeddable":true,"href":"https:\/\/spgosciejewo.pl\/index.php?rest_route=\/wp\/v2\/media\/2585"}],"wp:attachment":[{"href":"https:\/\/spgosciejewo.pl\/index.php?rest_route=%2Fwp%2Fv2%2Fmedia&parent=2574"}],"wp:term":[{"taxonomy":"category","embeddable":true,"href":"https:\/\/spgosciejewo.pl\/index.php?rest_route=%2Fwp%2Fv2%2Fcategories&post=2574"},{"taxonomy":"post_tag","embeddable":true,"href":"https:\/\/spgosciejewo.pl\/index.php?rest_route=%2Fwp%2Fv2%2Ftags&post=2574"}],"curies":[{"name":"wp","href":"https:\/\/api.w.org\/{rel}","templated":true}]}}