{"id":2384,"date":"2023-01-12T07:25:35","date_gmt":"2023-01-12T06:25:35","guid":{"rendered":"https:\/\/spgosciejewo.pl\/?p=2384"},"modified":"2023-01-12T07:26:41","modified_gmt":"2023-01-12T06:26:41","slug":"witajcie-w-naszej-bajce-inscenizacja-wiersze-j-brzechwy-i-j-tuwima","status":"publish","type":"post","link":"https:\/\/spgosciejewo.pl\/?p=2384","title":{"rendered":"Witajcie w naszej bajce &#8211; inscenizacja wierszy J. Brzechwy i J. Tuwima"},"content":{"rendered":"<p style=\"text-align: center;\"><span style=\"color: #000000;\"><strong>Dnia 24 listopada 2022r. uczniowie naszej szko\u0142y obejrzeli inscenizacj\u0119 wierszy Jana Brzechwy i Juliana Tuwima pt. \u201eWitajcie w naszej bajce\u201d. W programie wzi\u0119li udzia\u0142 uczniowie klasy VI. Wyst\u0119p po\u0142\u0105czono z obchodami \u015awiatowego Dnia Pluszowego Misia. Wykonawc\u00f3w nagrodzono gromkimi brawami.<\/strong><\/span><\/p>\n<p>&nbsp;<\/p>\nngg_shortcode_0_placeholder\n","protected":false},"excerpt":{"rendered":"<p>Dnia 24 listopada 2022r. uczniowie naszej szko\u0142y obejrzeli inscenizacj\u0119 wierszy Jana Brzechwy i Juliana Tuwima pt. \u201eWitajcie w naszej bajce\u201d. W programie wzi\u0119li udzia\u0142 uczniowie klasy VI. Wyst\u0119p po\u0142\u0105czono z obchodami \u015awiatowego Dnia Pluszowego Misia. Wykonawc\u00f3w nagrodzono gromkimi brawami. &nbsp;<\/p>\n","protected":false},"author":1,"featured_media":2400,"comment_status":"closed","ping_status":"open","sticky":false,"template":"","format":"standard","meta":{"ngg_post_thumbnail":0,"footnotes":""},"categories":[1],"tags":[],"class_list":["post-2384","post","type-post","status-publish","format-standard","has-post-thumbnail","hentry","category-bez-kategorii"],"_links":{"self":[{"href":"https:\/\/spgosciejewo.pl\/index.php?rest_route=\/wp\/v2\/posts\/2384","targetHints":{"allow":["GET"]}}],"collection":[{"href":"https:\/\/spgosciejewo.pl\/index.php?rest_route=\/wp\/v2\/posts"}],"about":[{"href":"https:\/\/spgosciejewo.pl\/index.php?rest_route=\/wp\/v2\/types\/post"}],"author":[{"embeddable":true,"href":"https:\/\/spgosciejewo.pl\/index.php?rest_route=\/wp\/v2\/users\/1"}],"replies":[{"embeddable":true,"href":"https:\/\/spgosciejewo.pl\/index.php?rest_route=%2Fwp%2Fv2%2Fcomments&post=2384"}],"version-history":[{"count":4,"href":"https:\/\/spgosciejewo.pl\/index.php?rest_route=\/wp\/v2\/posts\/2384\/revisions"}],"predecessor-version":[{"id":2404,"href":"https:\/\/spgosciejewo.pl\/index.php?rest_route=\/wp\/v2\/posts\/2384\/revisions\/2404"}],"wp:featuredmedia":[{"embeddable":true,"href":"https:\/\/spgosciejewo.pl\/index.php?rest_route=\/wp\/v2\/media\/2400"}],"wp:attachment":[{"href":"https:\/\/spgosciejewo.pl\/index.php?rest_route=%2Fwp%2Fv2%2Fmedia&parent=2384"}],"wp:term":[{"taxonomy":"category","embeddable":true,"href":"https:\/\/spgosciejewo.pl\/index.php?rest_route=%2Fwp%2Fv2%2Fcategories&post=2384"},{"taxonomy":"post_tag","embeddable":true,"href":"https:\/\/spgosciejewo.pl\/index.php?rest_route=%2Fwp%2Fv2%2Ftags&post=2384"}],"curies":[{"name":"wp","href":"https:\/\/api.w.org\/{rel}","templated":true}]}}