{"id":2210,"date":"2022-11-16T07:30:13","date_gmt":"2022-11-16T06:30:13","guid":{"rendered":"https:\/\/spgosciejewo.pl\/?p=2210"},"modified":"2022-11-16T07:32:31","modified_gmt":"2022-11-16T06:32:31","slug":"26-pazdziernika-2022r-przerwa-na-czytanie","status":"publish","type":"post","link":"https:\/\/spgosciejewo.pl\/?p=2210","title":{"rendered":"\u201ePrzerwa na czytanie\u201d III Mi\u0119dzynarodowa edycja VII Og\u00f3lnopolskiej akcji bicia rekordu w czytaniu na przerwie"},"content":{"rendered":"<p><img fetchpriority=\"high\" decoding=\"async\" src=\"https:\/\/spgosciejewo.pl\/wp-content\/uploads\/2022\/11\/306602577_629161732196768_1190967009395873670_n.png\" alt=\"\" width=\"940\" height=\"788\" class=\"alignnone size-full wp-image-2211\" srcset=\"https:\/\/spgosciejewo.pl\/wp-content\/uploads\/2022\/11\/306602577_629161732196768_1190967009395873670_n.png 940w, https:\/\/spgosciejewo.pl\/wp-content\/uploads\/2022\/11\/306602577_629161732196768_1190967009395873670_n-300x251.png 300w, https:\/\/spgosciejewo.pl\/wp-content\/uploads\/2022\/11\/306602577_629161732196768_1190967009395873670_n-768x644.png 768w\" sizes=\"(max-width: 940px) 100vw, 940px\" \/><\/p>\n<p>&nbsp;<\/p>\n<p><strong>26 pa\u017adziernika 2022r.<\/strong> w naszej szkole po raz pierwszy mia\u0142o miejsce wyj\u0105tkowe wydarzenie. Odby\u0142o si\u0119&nbsp; ono w ramach III Mi\u0119dzynarodowej edycji&nbsp; VII Og\u00f3lnopolskiej akcji bicia rekordu w czytaniu na przerwie \u201ePrzerwa na czytanie\u201d. Akcja realizowana jest w ramach Mi\u0119dzynarodowego&nbsp; Miesi\u0105ca Bibliotek Szkolnych oraz Kampanii Spo\u0142ecznej \u201eCa\u0142a Polska Czyta Dzieciom\u201d. Udzia\u0142 wzi\u0119li w niej wszyscy uczniowie, nauczyciele i pracownicy administracji. W szkole zosta\u0142y wydzielone specjalne strefy czytania \u2013na korytarzach, w klasach oraz na boisku szkolnym. Tego dnia ka\u017cdy przyni\u00f3s\u0142 do szko\u0142y swoj\u0105 ulubion\u0105 ksi\u0105\u017ck\u0119. Dzi\u0119ki temu m\u00f3g\u0142 pokaza\u0107 innym, co lubi czyta\u0107. Wsp\u00f3lnie stworzyli\u015bmy szkolny katalog \u201edomowych ksi\u0105\u017cek\u201d. Wszyscy uczestnicy wydarzenia z rado\u015bci\u0105 powitali w swoim gronie posta\u0107 pana Kleksa i zata\u0144czyli belgijk\u0119. W korytarzach szkolnych zosta\u0142y przygotowane gazetki okoliczno\u015bciowe i has\u0142a popularyzuj\u0105ce czytanie. Wsp\u00f3lne bicie rekordu w czytaniu na przerwie sprzyja\u0142o kreatywno\u015bci. Z niecierpliwo\u015bci\u0105 i g\u0142ow\u0105 pe\u0142n\u0105 pomys\u0142\u00f3w czekamy na kolejn\u0105 edycj\u0119 w roku szkolnym 2023\/2024.<\/p>\n<p><strong>SZKOLNY REKORD -85 OS\u00d3B CZYTAJ\u0104CYCH TEGO DNIA<\/strong><\/p>\n<p>&nbsp;<\/p>\nngg_shortcode_0_placeholder\n","protected":false},"excerpt":{"rendered":"<p>&nbsp; 26 pa\u017adziernika 2022r. w naszej szkole po raz pierwszy mia\u0142o miejsce wyj\u0105tkowe wydarzenie. Odby\u0142o si\u0119&nbsp; ono w ramach III Mi\u0119dzynarodowej edycji&nbsp; VII Og\u00f3lnopolskiej akcji bicia rekordu w czytaniu na przerwie \u201ePrzerwa na czytanie\u201d. Akcja realizowana jest w ramach Mi\u0119dzynarodowego&nbsp; Miesi\u0105ca Bibliotek Szkolnych oraz Kampanii Spo\u0142ecznej \u201eCa\u0142a Polska Czyta Dzieciom\u201d. [&hellip;]<\/p>\n","protected":false},"author":1,"featured_media":2211,"comment_status":"closed","ping_status":"open","sticky":false,"template":"","format":"standard","meta":{"ngg_post_thumbnail":0,"footnotes":""},"categories":[1],"tags":[],"class_list":["post-2210","post","type-post","status-publish","format-standard","has-post-thumbnail","hentry","category-bez-kategorii"],"_links":{"self":[{"href":"https:\/\/spgosciejewo.pl\/index.php?rest_route=\/wp\/v2\/posts\/2210","targetHints":{"allow":["GET"]}}],"collection":[{"href":"https:\/\/spgosciejewo.pl\/index.php?rest_route=\/wp\/v2\/posts"}],"about":[{"href":"https:\/\/spgosciejewo.pl\/index.php?rest_route=\/wp\/v2\/types\/post"}],"author":[{"embeddable":true,"href":"https:\/\/spgosciejewo.pl\/index.php?rest_route=\/wp\/v2\/users\/1"}],"replies":[{"embeddable":true,"href":"https:\/\/spgosciejewo.pl\/index.php?rest_route=%2Fwp%2Fv2%2Fcomments&post=2210"}],"version-history":[{"count":3,"href":"https:\/\/spgosciejewo.pl\/index.php?rest_route=\/wp\/v2\/posts\/2210\/revisions"}],"predecessor-version":[{"id":2224,"href":"https:\/\/spgosciejewo.pl\/index.php?rest_route=\/wp\/v2\/posts\/2210\/revisions\/2224"}],"wp:featuredmedia":[{"embeddable":true,"href":"https:\/\/spgosciejewo.pl\/index.php?rest_route=\/wp\/v2\/media\/2211"}],"wp:attachment":[{"href":"https:\/\/spgosciejewo.pl\/index.php?rest_route=%2Fwp%2Fv2%2Fmedia&parent=2210"}],"wp:term":[{"taxonomy":"category","embeddable":true,"href":"https:\/\/spgosciejewo.pl\/index.php?rest_route=%2Fwp%2Fv2%2Fcategories&post=2210"},{"taxonomy":"post_tag","embeddable":true,"href":"https:\/\/spgosciejewo.pl\/index.php?rest_route=%2Fwp%2Fv2%2Ftags&post=2210"}],"curies":[{"name":"wp","href":"https:\/\/api.w.org\/{rel}","templated":true}]}}