{"id":1543,"date":"2022-10-13T22:02:05","date_gmt":"2022-10-13T20:02:05","guid":{"rendered":"http:\/\/temp.spgosciejewo.pl\/wp\/?p=1543"},"modified":"2022-10-28T08:29:25","modified_gmt":"2022-10-28T06:29:25","slug":"dzien-edukacji-narodowej","status":"publish","type":"post","link":"https:\/\/spgosciejewo.pl\/?p=1543","title":{"rendered":"Dzie\u0144 Edukacji Narodowej 14.10.2022r."},"content":{"rendered":"<h4 style=\"text-align: center;\"><strong><a href=\"http:\/\/temp.spgosciejewo.pl\/wp\/index.php\/2022\/10\/13\/dzien-edukacji-narodowej\/den-2022-na-strone-www\/\" rel=\"attachment wp-att-1544\"><span style=\"color: #0000ff;\">Dzie\u0144 Edukacji Narodowej 14.10.2022r.<\/span><\/a><\/strong><\/h4>\n<p><img fetchpriority=\"high\" decoding=\"async\" src=\"https:\/\/spgosciejewo.pl\/wp-content\/uploads\/2022\/10\/DEN-2022-na-strone-www-724x1024.jpg\" alt=\"\" class=\"alignnone size-large wp-image-1760\" width=\"724\" height=\"1024\" srcset=\"https:\/\/spgosciejewo.pl\/wp-content\/uploads\/2022\/10\/DEN-2022-na-strone-www-724x1024.jpg 724w, https:\/\/spgosciejewo.pl\/wp-content\/uploads\/2022\/10\/DEN-2022-na-strone-www-212x300.jpg 212w, https:\/\/spgosciejewo.pl\/wp-content\/uploads\/2022\/10\/DEN-2022-na-strone-www-768x1087.jpg 768w, https:\/\/spgosciejewo.pl\/wp-content\/uploads\/2022\/10\/DEN-2022-na-strone-www.jpg 827w\" sizes=\"(max-width: 724px) 100vw, 724px\" \/><\/p>\n<p style=\"text-align: left;\"><span style=\"color: #000000;\"><strong>14 pa\u017adziernika 2022r.<\/strong> w naszej szkole odby\u0142 si\u0119 apel z okazji <strong>Dnia Edukacji Narodowej<\/strong>. <\/span><\/p>\n<p style=\"text-align: left;\"><span style=\"color: #000000;\">Z tej okazji przedstawiciele Samorz\u0105du Uczniowskiego wraz opiekunem pani\u0105 Agnieszk\u0105 Nowak i nauczycielk\u0105 j\u0119zyka polskiego Beat\u0105 Ortyl przygotowali okoliczno\u015bciowy program artystyczny. Podczas spotkania z\u0142o\u017cyli \u017cyczenia nauczycielom, pracownikom administracji i obs\u0142ugi oraz wr\u0119czyli&nbsp; drobny upominek \u201es\u0142odk\u0105 zak\u0142adk\u0119\u201d. Ca\u0142ej spo\u0142eczno\u015bci szkolnej \u017cyczymy rado\u015bci z podejmowanych dzia\u0142a\u0144, pi\u0119knych pomys\u0142\u00f3w, cierpliwo\u015bci i wytrwa\u0142o\u015bci w osi\u0105ganiu wsp\u00f3lnych cel\u00f3w.<\/span><\/p>\n","protected":false},"excerpt":{"rendered":"<p>Dzie\u0144 Edukacji Narodowej 14.10.2022r. 14 pa\u017adziernika 2022r. w naszej szkole odby\u0142 si\u0119 apel z okazji Dnia Edukacji Narodowej. Z tej okazji przedstawiciele Samorz\u0105du Uczniowskiego wraz opiekunem pani\u0105 Agnieszk\u0105 Nowak i nauczycielk\u0105 j\u0119zyka polskiego Beat\u0105 Ortyl przygotowali okoliczno\u015bciowy program artystyczny. Podczas spotkania z\u0142o\u017cyli \u017cyczenia nauczycielom, pracownikom administracji i obs\u0142ugi oraz wr\u0119czyli&nbsp; [&hellip;]<\/p>\n","protected":false},"author":1,"featured_media":0,"comment_status":"closed","ping_status":"open","sticky":false,"template":"","format":"standard","meta":{"ngg_post_thumbnail":0,"footnotes":""},"categories":[1],"tags":[],"class_list":["post-1543","post","type-post","status-publish","format-standard","hentry","category-bez-kategorii"],"_links":{"self":[{"href":"https:\/\/spgosciejewo.pl\/index.php?rest_route=\/wp\/v2\/posts\/1543","targetHints":{"allow":["GET"]}}],"collection":[{"href":"https:\/\/spgosciejewo.pl\/index.php?rest_route=\/wp\/v2\/posts"}],"about":[{"href":"https:\/\/spgosciejewo.pl\/index.php?rest_route=\/wp\/v2\/types\/post"}],"author":[{"embeddable":true,"href":"https:\/\/spgosciejewo.pl\/index.php?rest_route=\/wp\/v2\/users\/1"}],"replies":[{"embeddable":true,"href":"https:\/\/spgosciejewo.pl\/index.php?rest_route=%2Fwp%2Fv2%2Fcomments&post=1543"}],"version-history":[{"count":5,"href":"https:\/\/spgosciejewo.pl\/index.php?rest_route=\/wp\/v2\/posts\/1543\/revisions"}],"predecessor-version":[{"id":1837,"href":"https:\/\/spgosciejewo.pl\/index.php?rest_route=\/wp\/v2\/posts\/1543\/revisions\/1837"}],"wp:attachment":[{"href":"https:\/\/spgosciejewo.pl\/index.php?rest_route=%2Fwp%2Fv2%2Fmedia&parent=1543"}],"wp:term":[{"taxonomy":"category","embeddable":true,"href":"https:\/\/spgosciejewo.pl\/index.php?rest_route=%2Fwp%2Fv2%2Fcategories&post=1543"},{"taxonomy":"post_tag","embeddable":true,"href":"https:\/\/spgosciejewo.pl\/index.php?rest_route=%2Fwp%2Fv2%2Ftags&post=1543"}],"curies":[{"name":"wp","href":"https:\/\/api.w.org\/{rel}","templated":true}]}}