{"id":1127,"date":"2022-08-29T22:00:52","date_gmt":"2022-08-29T20:00:52","guid":{"rendered":"http:\/\/temp.spgosciejewo.pl\/wp\/?p=1127"},"modified":"2022-08-29T22:00:52","modified_gmt":"2022-08-29T20:00:52","slug":"rozpoczecie-roku-szkolnego-2022-2023","status":"publish","type":"post","link":"https:\/\/spgosciejewo.pl\/?p=1127","title":{"rendered":"Rozpocz\u0119cie Roku Szkolnego 2022\/2023"},"content":{"rendered":"<p><a href=\"http:\/\/temp.spgosciejewo.pl\/wp\/index.php\/2022\/08\/29\/rozpoczecie-roku-szkolnego-2022-2023\/bez-nazwy333-2\/\" rel=\"attachment wp-att-1128\"><img fetchpriority=\"high\" decoding=\"async\" src=\"http:\/\/temp.spgosciejewo.pl\/wp\/wp-content\/uploads\/2022\/08\/Bez-nazwy333-1.png\" alt=\"\" class=\"aligncenter size-full wp-image-1128\" width=\"862\" height=\"574\" \/><\/a><\/p>\n<p style=\"text-align: left;\">Dzie\u0144 dobry, szko\u0142o!<\/p>\n<p style=\"text-align: left;\">D\u017awi\u0119k dzwonka oznajmi\u0142 rozpocz\u0119cie nowego roku szkolnego 2022\/2023. Zgromadzonych na boisku szkolnym uczni\u00f3w, rodzic\u00f3w, nauczycieli, pracownik\u00f3w obs\u0142ugi i administracji, a tak\u017ce nowo powo\u0142anego wicedyrektora szko\u0142y, pani\u0105 Katarzyn\u0119 Kachlick\u0105 serdecznie powita\u0142a \u201enowa\u201d pani dyrektor, Katarzyna Gniadek, przedstawiaj\u0105c, m.in. dobry stan przygotowania plac\u00f3wki do nowego roku szkolnego. Swoj\u0105 obecno\u015bci\u0105 zaszczycili nas r\u00f3wnie\u017c radny Rady Miejskiej w Rogo\u017anie, pan Henryk Janus oraz so\u0142tys Go\u015bciejewa, pan Ludwik Skibi\u0144ski. Uczniowie naszej szko\u0142y zaprezentowali wiersze i piosenki tematycznie zwi\u0105zane z po\u017cegnaniem lata i powitaniem nowego roku szkolnego. Wa\u017cnym punktem programu by\u0142o \u015blubowanie pierwszoklasist\u00f3w i pasowanie ich na uczni\u00f3w naszej szko\u0142y. Minut\u0105 ciszy upami\u0119tniono ofiary II wojny \u015bwiatowej oraz oddano ho\u0142d poleg\u0142ym obro\u0144com Ukrainy. Poczet sztandarowy w sk\u0142adzie: Martyna Nag\u00f3rna, Monika Plewa, Oskar D\u0105browski godnie prezentowa\u0142 zasady ceremonia\u0142u. Na \u201escenie\u201d zaprezentowali si\u0119 nast\u0119puj\u0105cy uczniowie: Maksymilian Kowalski, Piotr Pasik, Joanna Lehmann, Jan Banasiak, Julita Nag\u00f3rna, Martyna Kryszkiewicz, Alicja Kowalska, Marta Jab\u0142o\u0144ska, Magdalena Nowak oraz uczniowie klasy I. Program przygotowali nauczyciele: pani Ma\u0142gorzata Kmak, pani Beata Ortyl oraz pan Dawid Kalff.<\/p>\n\n","protected":false},"excerpt":{"rendered":"<p>Dzie\u0144 dobry, szko\u0142o! D\u017awi\u0119k dzwonka oznajmi\u0142 rozpocz\u0119cie nowego roku szkolnego 2022\/2023. Zgromadzonych na boisku szkolnym uczni\u00f3w, rodzic\u00f3w, nauczycieli, pracownik\u00f3w obs\u0142ugi i administracji, a tak\u017ce nowo powo\u0142anego wicedyrektora szko\u0142y, pani\u0105 Katarzyn\u0119 Kachlick\u0105 serdecznie powita\u0142a \u201enowa\u201d pani dyrektor, Katarzyna Gniadek, przedstawiaj\u0105c, m.in. dobry stan przygotowania plac\u00f3wki do nowego roku szkolnego. Swoj\u0105 obecno\u015bci\u0105 [&hellip;]<\/p>\n","protected":false},"author":1,"featured_media":1591,"comment_status":"closed","ping_status":"open","sticky":false,"template":"","format":"standard","meta":{"ngg_post_thumbnail":0,"footnotes":""},"categories":[1],"tags":[],"class_list":["post-1127","post","type-post","status-publish","format-standard","has-post-thumbnail","hentry","category-bez-kategorii"],"_links":{"self":[{"href":"https:\/\/spgosciejewo.pl\/index.php?rest_route=\/wp\/v2\/posts\/1127","targetHints":{"allow":["GET"]}}],"collection":[{"href":"https:\/\/spgosciejewo.pl\/index.php?rest_route=\/wp\/v2\/posts"}],"about":[{"href":"https:\/\/spgosciejewo.pl\/index.php?rest_route=\/wp\/v2\/types\/post"}],"author":[{"embeddable":true,"href":"https:\/\/spgosciejewo.pl\/index.php?rest_route=\/wp\/v2\/users\/1"}],"replies":[{"embeddable":true,"href":"https:\/\/spgosciejewo.pl\/index.php?rest_route=%2Fwp%2Fv2%2Fcomments&post=1127"}],"version-history":[{"count":0,"href":"https:\/\/spgosciejewo.pl\/index.php?rest_route=\/wp\/v2\/posts\/1127\/revisions"}],"wp:featuredmedia":[{"embeddable":true,"href":"https:\/\/spgosciejewo.pl\/index.php?rest_route=\/"}],"wp:attachment":[{"href":"https:\/\/spgosciejewo.pl\/index.php?rest_route=%2Fwp%2Fv2%2Fmedia&parent=1127"}],"wp:term":[{"taxonomy":"category","embeddable":true,"href":"https:\/\/spgosciejewo.pl\/index.php?rest_route=%2Fwp%2Fv2%2Fcategories&post=1127"},{"taxonomy":"post_tag","embeddable":true,"href":"https:\/\/spgosciejewo.pl\/index.php?rest_route=%2Fwp%2Fv2%2Ftags&post=1127"}],"curies":[{"name":"wp","href":"https:\/\/api.w.org\/{rel}","templated":true}]}}